{"id":276917,"date":"2025-02-27T10:35:02","date_gmt":"2025-02-27T09:35:02","guid":{"rendered":"https:\/\/rtrsports.com\/motogp-2025-proc-kalendar-vypada-na-vychode\/"},"modified":"2025-04-20T18:14:08","modified_gmt":"2025-04-20T16:14:08","slug":"motogp-2025-proc-kalendar-vypada-na-vychode","status":"publish","type":"post","link":"https:\/\/rtrsports.com\/cs\/blog\/motogp-2025-proc-kalendar-vypada-na-vychode\/","title":{"rendered":"MotoGP 2025, pro\u010d kalend\u00e1\u0159 vypad\u00e1 na v\u00fdchod\u011b"},"content":{"rendered":"<p><a href=\"https:\/\/rtrsports.com\/cs\/blog\/kalendar-motogp-2025\/\">Kalend\u00e1\u0159 MotoGP pro rok 2025<\/a> p\u0159edstavuje p\u0159elom ve sv\u011bt\u011b z\u00e1vod\u016f, kter\u00fd zahrnuje nov\u00e9 geografick\u00e9 oblasti a posiluje zaveden\u00e9 tradice motorsportu.<br \/>\nSez\u00f3na, kter\u00e1 za\u010d\u00edn\u00e1 tuto ned\u011bli v <strong>Thajsku<\/strong>, m\u00e1 p\u0159in\u00e9st vzru\u0161en\u00ed a d\u00e1le roz\u0161\u00ed\u0159it glob\u00e1ln\u00ed p\u0159ita\u017elivost tohoto sportu. P\u0159id\u00e1n\u00edm dvou z\u00e1vod\u016f ve v\u00fdchodn\u00ed Evrop\u011b &#8211; v <strong>\u010cesk\u00e9 republice a Ma\u010farsku<\/strong> &#8211; MotoGP upev\u0148uje svou p\u0159\u00edtomnost na rychle rostouc\u00edch trz\u00edch, kde je v\u00e1\u0161e\u0148 pro z\u00e1vod\u011bn\u00ed a sportovn\u00ed d\u011bdictv\u00ed dob\u0159e zaveden\u00e9.<\/p>\n<h2><strong>Exotick\u00fd za\u010d\u00e1tek: Thajsko<\/strong><\/h2>\n<p>Volba <strong>Thajska<\/strong> (kde <strong>87 % obyvatel vlastn\u00ed motorku<\/strong>) jako v\u00fdchoz\u00edho m\u00edsta pro sez\u00f3nu 2025 nen\u00ed n\u00e1hodn\u00e1. Asie, kter\u00e1 je ji\u017e dlouho pova\u017eov\u00e1na za c\u00edlov\u00fd trh MotoGP, vykazuje i nad\u00e1le v\u00fdrazn\u00fd r\u016fst, co se t\u00fd\u010de div\u00e1k\u016f i investic.<\/p>\n<p>Prvn\u00ed z\u00e1vod v Thajsku je dokonalou uk\u00e1zkou s\u00edly a kr\u00e1sy tohoto sportu v regionu, kter\u00fd miluje adrenalin a inovace.<br \/>\n<strong>Zah\u00e1jen\u00ed \u0161ampion\u00e1tu v roce 2025<\/strong> s ud\u00e1lost\u00ed, p\u0159i n\u00ed\u017e se v\u0161ichni protagonist\u00e9 se\u0161li na jednom p\u00f3diu <strong>v centru Bangkoku<\/strong>, je prvn\u00ed zn\u00e1mkou obnoven\u00e9ho p\u0159\u00edstupu k marketingu, kter\u00fd MotoGP od nyn\u011bj\u0161ka nab\u00eddne.<\/p>\n<h2><strong>Asie: tepaj\u00edc\u00ed srdce inovac\u00ed a tradic<\/strong><\/h2>\n<p>V posledn\u00edch letech z\u00e1jem o MotoGP v Asii exponenci\u00e1ln\u011b roste, mimo jin\u00e9 d\u00edky propaga\u010dn\u00edm iniciativ\u00e1m a v\u00fdznamn\u00fdm investic\u00edm do motorsportu.<strong> Asie je<\/strong> s <strong>v\u00edce ne\u017e 270 miliony motocykl\u016f v ob\u011bhu<\/strong> a s vyhl\u00eddkami na r\u016fst segmentu elektrick\u00fdch motocykl\u016f<strong> kl\u00ed\u010dov\u00fdm regionem<\/strong> nejen<strong> pro prodej tradi\u010dn\u00edch motocykl\u016f<\/strong>, ale tak\u00e9 pro technologick\u00e9 a ekologick\u00e9 inovace, co\u017e je pro v\u00fdrobce, investory a nad\u0161ence velmi pozitivn\u00ed obr\u00e1zek, kter\u00fd posiluje roli Asie jako kl\u00ed\u010dov\u00e9ho hybatele glob\u00e1ln\u00ed mobility na dvou kolech.<\/p>\n<p>Tato rostouc\u00ed pozornost m\u00e1 nejen pozitivn\u00ed dopad na televizn\u00ed a digit\u00e1ln\u00ed div\u00e1ky, ale tak\u00e9 stimuluje v\u00fdznamn\u00e9 ekonomick\u00e9 investice s pozitivn\u00edm dopadem na m\u00edstn\u00ed ekonomiku a cestovn\u00ed ruch.<\/p>\n<h2><strong>Expanze do v\u00fdchodn\u00ed Evropy: \u010cesk\u00e1 republika a Ma\u010farsko<\/strong><\/h2>\n<p>Dal\u0161\u00ed novinkou v kalend\u00e1\u0159i na rok 2025 je zaveden\u00ed dvou etap ve v\u00fdchodn\u00ed Evrop\u011b, kter\u00e9 se pojedou v \u010cesk\u00e9 republice a v Ma\u010farsku. Tyto p\u0159\u00edr\u016fstky nejsou jen operac\u00ed geografick\u00e9 expanze, ale odr\u00e1\u017eej\u00ed strategii zam\u011b\u0159enou na obsazen\u00ed region\u016f, kde je tradice motoristick\u00e9ho sportu \u017eiv\u00e1 a kde je c\u00edtit touha po sportovn\u00edch akc\u00edch na vysok\u00e9 \u00farovni.<\/p>\n<h2><strong>Motoristick\u00e1 tradice v\u00fdchodn\u00ed Evropy<\/strong><\/h2>\n<p><strong>V\u00fdchodn\u00ed Evropa m\u00e1 dlouholetou<\/strong> tradici <strong>motoristick\u00e9ho sportu<\/strong>, v\u00e1\u0161e\u0148 pro motoristick\u00fd sport v \u010cesk\u00e9 republice a Ma\u010farsku je v\u00fdsledkem dob\u0159e zaveden\u00e9 tradice a m\u00edstn\u00ed rodiny a komunity v\u017edy podporovaly sportovn\u00ed ud\u00e1losti a p\u0159isp\u00edvaly k rozvoji talent\u016f a prvot\u0159\u00eddn\u00ed infrastruktury.<\/p>\n<p>V <strong>70. a 80. letech<\/strong> se na motocyklov\u00e9 sc\u00e9n\u011b ve v\u00fdchodn\u00ed Evrop\u011b objevily historick\u00e9 <strong>zna\u010dky<\/strong> <strong>jako Jawa a \u010cZ<\/strong>, kter\u00e9 vyr\u00e1b\u011bly nejen motocykly pro ka\u017edodenn\u00ed pou\u017eit\u00ed, ale tak\u00e9 sportovn\u00ed verze ur\u010den\u00e9 pro z\u00e1vodn\u00ed okruhy. Tyto spole\u010dnosti, kter\u00e9 se zrodily v kontextu pl\u00e1novan\u00e9ho hospod\u00e1\u0159stv\u00ed, <strong>dok\u00e1zaly d\u00edky sv\u00fdm v\u00fdkon\u016fm v sout\u011b\u017e\u00edch z\u00edskat mezin\u00e1rodn\u00ed renom\u00e9.<\/strong><\/p>\n<p>V Ma\u010farsku sice neexistovaly \u017e\u00e1dn\u00e9 v\u00fdznamn\u00e9 dom\u00e1c\u00ed zna\u010dky jako v \u010cesk\u00e9 republice, ale m\u00edstn\u00ed \u00fa\u010dast na dr\u00e1hov\u00fdch z\u00e1vodech v\u017edy hr\u00e1la d\u016fle\u017eitou roli. Ma\u010farsk\u00e9 t\u00fdmy a jezdci, podporovan\u00ed infrastrukturou, jako je Hungaroring, se \u00fa\u010dastnili mezin\u00e1rodn\u00edch sout\u011b\u017e\u00ed, co\u017e p\u0159isp\u011blo ke kultu\u0159e sout\u011b\u017eivosti a hlubok\u00e9 l\u00e1sce k motoristick\u00e9mu sportu.<\/p>\n<h2><strong>Rostouc\u00ed z\u00e1jem o jednostop\u00e1 vozidla ve v\u00fdchodn\u00ed Evrop\u011b<\/strong><\/h2>\n<p>Statistiky ukazuj\u00ed v\u00fdrazn\u00fd r\u016fst odv\u011btv\u00ed motocykl\u016f v tomto regionu, p\u0159i\u010dem\u017e po\u010det prodan\u00fdch motocykl\u016f v Ma\u010farsku a \u010cesk\u00e9 republice neust\u00e1le roste.<br \/>\nV\u00fdchodn\u00ed Evropa se st\u00e1v\u00e1 dynamick\u00fdm centrem automobilov\u00e9ho pr\u016fmyslu, mimo jin\u00e9 d\u00edky mlad\u00e9 populaci, rostouc\u00ed v\u00e1\u0161ni pro motoristick\u00fd sport a zv\u00fd\u0161en\u00e9 kupn\u00ed s\u00edle.<\/p>\n<h2><strong>\u010cesk\u00e1 republika<\/strong><\/h2>\n<p>\u010cesk\u00e1 republika m\u00e1 v motorsportu bohatou historii. Slavn\u00e1 motocyklov\u00e1 Grand Prix \u010cesk\u00e9 republiky (p\u0159ed rokem 1993 zn\u00e1m\u00e1 jako \u010ceskoslovensk\u00e1 motocyklov\u00e1 Grand Prix) je sou\u010d\u00e1st\u00ed motocyklov\u00e9 Grand Prix od roku 1965.<br \/>\n<strong>Brno hostilo nejv\u00edce z\u00e1vod\u016f mistrovstv\u00ed sv\u011bta v historii tohoto sportu od dob okruhu TT v Assenu<\/strong>. Z\u00e1vod v \u0161ampion\u00e1tu chyb\u00ed od roku 2021 kv\u016fli ekonomick\u00fdm pot\u00ed\u017e\u00edm, kter\u00e9 je\u0161t\u011b zhor\u0161ila pandemie, tak\u017ee jde sp\u00ed\u0161e o n\u00e1vrat ne\u017e o premi\u00e9ru v kalend\u00e1\u0159i.<\/p>\n<p>V minulosti se v zemi konala \u0159ada sout\u011b\u017e\u00ed, kter\u00fdch se \u00fa\u010dastnily m\u00edstn\u00ed zna\u010dky jako<strong> \u010cZ<\/strong> a<strong> Jawa<\/strong>. Tyto spole\u010dnosti, zalo\u017een\u00e9 ve dvac\u00e1t\u00fdch a t\u0159ic\u00e1t\u00fdch letech minul\u00e9ho stolet\u00ed, pom\u00e1haly \u0161\u00ed\u0159it kulturu jednostop\u00fdch vozidel po cel\u00e9 v\u00fdchodn\u00ed Evrop\u011b, a to nejen z hlediska v\u00fdroby, ale tak\u00e9 jako protagonist\u00e9 z\u00e1vod\u016f na okruz\u00edch. Odkaz t\u011bchto spole\u010dnost\u00ed se dodnes odr\u00e1\u017e\u00ed v z\u00e1vodn\u00ed v\u00e1\u0161ni a aktivn\u00ed \u00fa\u010dasti m\u00edstn\u00edch nad\u0161enc\u016f.<\/p>\n<h2><strong>Historie motoristick\u00e9ho sportu v Ma\u010farsku<\/strong><\/h2>\n<p>Ma\u010farsko m\u00e1 tak\u00e9 v\u00fdznamnou tradici a silnou v\u00e1\u0161e\u0148 pro motory, v\u010detn\u011b po\u0159\u00e1d\u00e1n\u00ed Velk\u00e9 ceny F1 od roku 1986.<br \/>\nA\u010dkoli Ma\u010farsko nevytv\u00e1\u0159\u00ed tak sv\u011btozn\u00e1m\u00e9 motocyklov\u00e9 zna\u010dky jako \u010cesk\u00e1 republika, v\u017edy projevovalo siln\u00e9 nad\u0161en\u00ed pro z\u00e1vod\u011bn\u00ed.<br \/>\nDebut <strong>MotoGP na okruhu Balaton Park<\/strong> d\u00e1le posiluje vztah tohoto n\u00e1roda k motoristick\u00e9mu sportu.<\/p>\n<h2><strong>Perspektivy do budoucna<\/strong><\/h2>\n<p>Z\u00e1jem o motocykly ve v\u00fdchodn\u00ed Evrop\u011b bude i nad\u00e1le vysok\u00fd, a to d\u00edky kombinaci hospod\u00e1\u0159sk\u00e9ho r\u016fstu, investic do tohoto odv\u011btv\u00ed a hlubok\u00e9 kulturn\u00ed tradici motoristick\u00e9ho sportu.<br \/>\n\u010cesk\u00e1 republika a Ma\u010farsko hraj\u00ed d\u00edky sv\u00e9 historii a infrastruktu\u0159e kl\u00ed\u010dovou roli v \u0161\u00ed\u0159en\u00ed motocyklov\u00e9 kultury a tento region by m\u011bl z\u016fstat \u00fast\u0159edn\u00edm bodem motocyklov\u00e9ho trhu.<\/p>\n<h2><strong>Investice a sponzorstv\u00ed:<\/strong><\/h2>\n<p>Expanzi ve v\u00fdchodn\u00ed Evrop\u011b doprov\u00e1z\u00ed velk\u00fd z\u00e1jem <a href=\"https:\/\/rtrsports.com\/cs\/sponzorstvi-motogp\/\">mezin\u00e1rodn\u00edch sponzor\u016f,<\/a> kte\u0159\u00ed v t\u011bchto regionech vid\u00ed zna\u010dn\u00fd r\u016fstov\u00fd potenci\u00e1l.<br \/>\nObchodn\u00ed subjekty s\u00e1zej\u00ed na rozbou\u0159en\u00fd trh, kde se sportovn\u00ed tradice snoub\u00ed s nov\u00fdmi obchodn\u00edmi p\u0159\u00edle\u017eitostmi.<\/p>\n<h2><strong>Revolu\u010dn\u00ed sez\u00f3na<\/strong><\/h2>\n<p>MotoGP 2025 slibuje revolu\u010dn\u00ed sez\u00f3nu. <strong>Zah\u00e1jen\u00ed v Thajsku<\/strong> spolu s expanz\u00ed do v\u00fdchodn\u00ed Evropy se <strong>z\u00e1vody v \u010cesk\u00e9 republice<\/strong> a <strong>Ma\u010farsku<\/strong> <strong>sv\u011bd\u010d\u00ed o glob\u00e1ln\u00ed strategii, kter\u00e1 hled\u00ed do budoucnosti a oce\u0148uje jak zaveden\u00e9 tradice, tak nov\u00e9 tr\u017en\u00ed p\u0159\u00edle\u017eitosti<\/strong>.<\/p>\n<p>Tyto zm\u011bny nejen obohacuj\u00ed sportovn\u00ed kalend\u00e1\u0159, ale jsou tak\u00e9 siln\u00fdm sign\u00e1lem pro investory a sponzory, kte\u0159\u00ed jsou p\u0159ipraveni vsadit na stabiln\u00ed r\u016fst a st\u00e1le n\u00e1ro\u010dn\u011bj\u0161\u00ed a propojen\u011bj\u0161\u00ed publikum.<\/p>\n<p>Z\u00e1v\u011brem lze \u0159\u00edci, \u017ee MotoGP 2025 nen\u00ed jen z\u00e1vodn\u00ed sez\u00f3na: je to manifest globalizace motorsportu, kde se inovace, tradice a ekonomick\u00e9 \u00fadaje prol\u00ednaj\u00ed a vytv\u00e1\u0159ej\u00ed nep\u0159ehl\u00e9dnutelnou ud\u00e1lost.<\/p>\n<p>&nbsp;<\/p>\n","protected":false},"excerpt":{"rendered":"<p>Kalend\u00e1\u0159 MotoGP pro rok 2025 p\u0159edstavuje p\u0159elom ve sv\u011bt\u011b z\u00e1vod\u016f, kter\u00fd zahrnuje nov\u00e9 geografick\u00e9 oblasti a posiluje zaveden\u00e9 tradice motorsportu. Sez\u00f3na, kter\u00e1 za\u010d\u00edn\u00e1 tuto ned\u011bli v Thajsku, m\u00e1 p\u0159in\u00e9st vzru\u0161en\u00ed a d\u00e1le roz\u0161\u00ed\u0159it glob\u00e1ln\u00ed p\u0159ita\u017elivost tohoto sportu. P\u0159id\u00e1n\u00edm dvou z\u00e1vod\u016f ve v\u00fdchodn\u00ed Evrop\u011b &#8211; v \u010cesk\u00e9 republice a Ma\u010farsku &#8211; MotoGP upev\u0148uje svou p\u0159\u00edtomnost na [&hellip;]<\/p>\n","protected":false},"author":14,"featured_media":276905,"comment_status":"open","ping_status":"open","sticky":false,"template":"","format":"standard","meta":{"_acf_changed":false,"footnotes":""},"categories":[20227],"tags":[],"class_list":["post-276917","post","type-post","status-publish","format-standard","has-post-thumbnail","hentry","category-uncategorized-cs"],"acf":[],"contentshake_article_id":"","yoast_head":"<!-- This site is optimized with the Yoast SEO Premium plugin v26.8 (Yoast SEO v27.4) - https:\/\/yoast.com\/product\/yoast-seo-premium-wordpress\/ -->\n<title>MotoGP 2025, pro\u010d kalend\u00e1\u0159 vypad\u00e1 na v\u00fdchod\u011b - RTR Sports<\/title>\n<meta name=\"description\" content=\"V roce 2025 vypad\u00e1 kalend\u00e1\u0159 MotoGP s n\u00e1vratem \u010cesk\u00e9 republiky a premi\u00e9rou Ma\u010farska rozhodn\u011b V\u00ddCHODN\u011a.\" \/>\n<meta name=\"robots\" content=\"index, follow, max-snippet:-1, max-image-preview:large, max-video-preview:-1\" \/>\n<link rel=\"canonical\" href=\"https:\/\/rtrsports.com\/cs\/blog\/motogp-2025-proc-kalendar-vypada-na-vychode\/\" \/>\n<meta property=\"og:locale\" content=\"cs_CZ\" \/>\n<meta property=\"og:type\" content=\"article\" \/>\n<meta property=\"og:title\" content=\"MotoGP 2025, pro\u010d kalend\u00e1\u0159 vypad\u00e1 na v\u00fdchod\u011b\" \/>\n<meta property=\"og:description\" content=\"V roce 2025 vypad\u00e1 kalend\u00e1\u0159 MotoGP s n\u00e1vratem \u010cesk\u00e9 republiky a premi\u00e9rou Ma\u010farska rozhodn\u011b V\u00ddCHODN\u011a.\" \/>\n<meta property=\"og:url\" content=\"https:\/\/rtrsports.com\/cs\/blog\/motogp-2025-proc-kalendar-vypada-na-vychode\/\" \/>\n<meta property=\"og:site_name\" content=\"RTR Sports\" \/>\n<meta property=\"article:publisher\" content=\"https:\/\/www.facebook.com\/RTRSportsMarketing\/\" \/>\n<meta property=\"og:image\" content=\"https:\/\/rtrsports.com\/wp-content\/uploads\/2025\/02\/MT31553-scaled.jpg\" \/>\n\t<meta property=\"og:image:width\" content=\"2560\" \/>\n\t<meta property=\"og:image:height\" content=\"1706\" \/>\n\t<meta property=\"og:image:type\" content=\"image\/jpeg\" \/>\n<meta name=\"author\" content=\"Riccardo Taf\u00e0\" \/>\n<meta name=\"twitter:card\" content=\"summary_large_image\" \/>\n<meta name=\"twitter:creator\" content=\"@rtrsports\" \/>\n<meta name=\"twitter:site\" content=\"@rtrsports\" \/>\n<meta name=\"twitter:label1\" content=\"Napsal(a)\" \/>\n\t<meta name=\"twitter:data1\" content=\"Riccardo Taf\u00e0\" \/>\n\t<meta name=\"twitter:label2\" content=\"Odhadovan\u00e1 doba \u010dten\u00ed\" \/>\n\t<meta name=\"twitter:data2\" content=\"5 minut\" \/>\n<script type=\"application\/ld+json\" class=\"yoast-schema-graph\">{\"@context\":\"https:\\\/\\\/schema.org\",\"@graph\":[{\"@type\":\"Article\",\"@id\":\"https:\\\/\\\/rtrsports.com\\\/cs\\\/blog\\\/motogp-2025-proc-kalendar-vypada-na-vychode\\\/#article\",\"isPartOf\":{\"@id\":\"https:\\\/\\\/rtrsports.com\\\/cs\\\/blog\\\/motogp-2025-proc-kalendar-vypada-na-vychode\\\/\"},\"author\":{\"name\":\"Riccardo Taf\u00e0\",\"@id\":\"https:\\\/\\\/rtrsports.com\\\/cs\\\/#\\\/schema\\\/person\\\/7ca2648b3d857cbfff8c499aaed0420e\"},\"headline\":\"MotoGP 2025, pro\u010d kalend\u00e1\u0159 vypad\u00e1 na v\u00fdchod\u011b\",\"datePublished\":\"2025-02-27T09:35:02+00:00\",\"dateModified\":\"2025-04-20T16:14:08+00:00\",\"mainEntityOfPage\":{\"@id\":\"https:\\\/\\\/rtrsports.com\\\/cs\\\/blog\\\/motogp-2025-proc-kalendar-vypada-na-vychode\\\/\"},\"wordCount\":1192,\"commentCount\":0,\"publisher\":{\"@id\":\"https:\\\/\\\/rtrsports.com\\\/cs\\\/#organization\"},\"image\":{\"@id\":\"https:\\\/\\\/rtrsports.com\\\/cs\\\/blog\\\/motogp-2025-proc-kalendar-vypada-na-vychode\\\/#primaryimage\"},\"thumbnailUrl\":\"https:\\\/\\\/rtrsports.com\\\/wp-content\\\/uploads\\\/2025\\\/02\\\/MT31553-scaled.jpg\",\"articleSection\":[\"Uncategorized @cs\"],\"inLanguage\":\"cs\",\"potentialAction\":[{\"@type\":\"CommentAction\",\"name\":\"Comment\",\"target\":[\"https:\\\/\\\/rtrsports.com\\\/cs\\\/blog\\\/motogp-2025-proc-kalendar-vypada-na-vychode\\\/#respond\"]}]},{\"@type\":\"WebPage\",\"@id\":\"https:\\\/\\\/rtrsports.com\\\/cs\\\/blog\\\/motogp-2025-proc-kalendar-vypada-na-vychode\\\/\",\"url\":\"https:\\\/\\\/rtrsports.com\\\/cs\\\/blog\\\/motogp-2025-proc-kalendar-vypada-na-vychode\\\/\",\"name\":\"MotoGP 2025, pro\u010d kalend\u00e1\u0159 vypad\u00e1 na v\u00fdchod\u011b - RTR Sports\",\"isPartOf\":{\"@id\":\"https:\\\/\\\/rtrsports.com\\\/cs\\\/#website\"},\"primaryImageOfPage\":{\"@id\":\"https:\\\/\\\/rtrsports.com\\\/cs\\\/blog\\\/motogp-2025-proc-kalendar-vypada-na-vychode\\\/#primaryimage\"},\"image\":{\"@id\":\"https:\\\/\\\/rtrsports.com\\\/cs\\\/blog\\\/motogp-2025-proc-kalendar-vypada-na-vychode\\\/#primaryimage\"},\"thumbnailUrl\":\"https:\\\/\\\/rtrsports.com\\\/wp-content\\\/uploads\\\/2025\\\/02\\\/MT31553-scaled.jpg\",\"datePublished\":\"2025-02-27T09:35:02+00:00\",\"dateModified\":\"2025-04-20T16:14:08+00:00\",\"description\":\"V roce 2025 vypad\u00e1 kalend\u00e1\u0159 MotoGP s n\u00e1vratem \u010cesk\u00e9 republiky a premi\u00e9rou Ma\u010farska rozhodn\u011b V\u00ddCHODN\u011a.\",\"breadcrumb\":{\"@id\":\"https:\\\/\\\/rtrsports.com\\\/cs\\\/blog\\\/motogp-2025-proc-kalendar-vypada-na-vychode\\\/#breadcrumb\"},\"inLanguage\":\"cs\",\"potentialAction\":[{\"@type\":\"ReadAction\",\"target\":[\"https:\\\/\\\/rtrsports.com\\\/cs\\\/blog\\\/motogp-2025-proc-kalendar-vypada-na-vychode\\\/\"]}]},{\"@type\":\"ImageObject\",\"inLanguage\":\"cs\",\"@id\":\"https:\\\/\\\/rtrsports.com\\\/cs\\\/blog\\\/motogp-2025-proc-kalendar-vypada-na-vychode\\\/#primaryimage\",\"url\":\"https:\\\/\\\/rtrsports.com\\\/wp-content\\\/uploads\\\/2025\\\/02\\\/MT31553-scaled.jpg\",\"contentUrl\":\"https:\\\/\\\/rtrsports.com\\\/wp-content\\\/uploads\\\/2025\\\/02\\\/MT31553-scaled.jpg\",\"width\":2560,\"height\":1706,\"caption\":\"b\u011bhem sez\u00f3ny 2024 mistrovstv\u00ed sv\u011bta silni\u010dn\u00edch motocykl\u016f 2024 race 18 Buriram GP in Chang Circuit, Buriram (Thailand) \u00a9 2024 mirco lazzari mircolazzari@yahoo.it\"},{\"@type\":\"BreadcrumbList\",\"@id\":\"https:\\\/\\\/rtrsports.com\\\/cs\\\/blog\\\/motogp-2025-proc-kalendar-vypada-na-vychode\\\/#breadcrumb\",\"itemListElement\":[{\"@type\":\"ListItem\",\"position\":1,\"name\":\"Home\",\"item\":\"https:\\\/\\\/rtrsports.com\\\/cs\\\/\"},{\"@type\":\"ListItem\",\"position\":2,\"name\":\"MotoGP 2025, pro\u010d kalend\u00e1\u0159 vypad\u00e1 na v\u00fdchod\u011b\"}]},{\"@type\":\"WebSite\",\"@id\":\"https:\\\/\\\/rtrsports.com\\\/cs\\\/#website\",\"url\":\"https:\\\/\\\/rtrsports.com\\\/cs\\\/\",\"name\":\"RTR Sports Marketing\",\"description\":\"RTR Sports Marketing is a global motorsport sponsorship agency and consultancy, specialized in Formula 1 and MotoGP, and active across all major international racing series including Formula E, NASCAR, WEC, WRC and Dakar, helping brands build data-driven, high-performance sponsorship programs.\",\"publisher\":{\"@id\":\"https:\\\/\\\/rtrsports.com\\\/cs\\\/#organization\"},\"alternateName\":\"RTR Sports\",\"potentialAction\":[{\"@type\":\"SearchAction\",\"target\":{\"@type\":\"EntryPoint\",\"urlTemplate\":\"https:\\\/\\\/rtrsports.com\\\/cs\\\/?s={search_term_string}\"},\"query-input\":{\"@type\":\"PropertyValueSpecification\",\"valueRequired\":true,\"valueName\":\"search_term_string\"}}],\"inLanguage\":\"cs\"},{\"@type\":\"Organization\",\"@id\":\"https:\\\/\\\/rtrsports.com\\\/cs\\\/#organization\",\"name\":\"RTR Sports Marketing\",\"alternateName\":\"RTR sports\",\"url\":\"https:\\\/\\\/rtrsports.com\\\/cs\\\/\",\"logo\":{\"@type\":\"ImageObject\",\"inLanguage\":\"cs\",\"@id\":\"https:\\\/\\\/rtrsports.com\\\/cs\\\/#\\\/schema\\\/logo\\\/image\\\/\",\"url\":\"https:\\\/\\\/rtrsports.com\\\/wp-content\\\/uploads\\\/2024\\\/01\\\/rtrsports-anniversary-1.jpg\",\"contentUrl\":\"https:\\\/\\\/rtrsports.com\\\/wp-content\\\/uploads\\\/2024\\\/01\\\/rtrsports-anniversary-1.jpg\",\"width\":946,\"height\":260,\"caption\":\"RTR Sports Marketing\"},\"image\":{\"@id\":\"https:\\\/\\\/rtrsports.com\\\/cs\\\/#\\\/schema\\\/logo\\\/image\\\/\"},\"sameAs\":[\"https:\\\/\\\/www.facebook.com\\\/RTRSportsMarketing\\\/\",\"https:\\\/\\\/x.com\\\/rtrsports\",\"https:\\\/\\\/www.linkedin.com\\\/company\\\/rtr-sports-marketing\\\/\"],\"description\":\"RTR Sports Marketing is a global motorsport sponsorship agency and consultancy, specialized in Formula 1 and MotoGP, and active across all major international racing series including Formula E, NASCAR, WEC, WRC and Dakar, helping brands build data-driven, high-performance sponsorship programs.\",\"email\":\"info@rtrsports.com\",\"legalName\":\"RTR Sports Marketing LTD\",\"numberOfEmployees\":{\"@type\":\"QuantitativeValue\",\"minValue\":\"1\",\"maxValue\":\"10\"}},{\"@type\":\"Person\",\"@id\":\"https:\\\/\\\/rtrsports.com\\\/cs\\\/#\\\/schema\\\/person\\\/7ca2648b3d857cbfff8c499aaed0420e\",\"name\":\"Riccardo Taf\u00e0\",\"image\":{\"@type\":\"ImageObject\",\"inLanguage\":\"cs\",\"@id\":\"https:\\\/\\\/secure.gravatar.com\\\/avatar\\\/0e03f35d1883656b70508e45dddcbdf581004a3a428fe432d9559b9bbffe803c?s=96&d=mm&r=g\",\"url\":\"https:\\\/\\\/secure.gravatar.com\\\/avatar\\\/0e03f35d1883656b70508e45dddcbdf581004a3a428fe432d9559b9bbffe803c?s=96&d=mm&r=g\",\"contentUrl\":\"https:\\\/\\\/secure.gravatar.com\\\/avatar\\\/0e03f35d1883656b70508e45dddcbdf581004a3a428fe432d9559b9bbffe803c?s=96&d=mm&r=g\",\"caption\":\"Riccardo Taf\u00e0\"},\"description\":\"Managing Director for RTR Sports, Riccardo graduated in law at the University of Bologna. He began his career in London in PR, then started working in two and four-wheelers. A brief move to Monaco followed before returning to Italy. There he founded RTR, first a consulting firm and then a sports marketing company which, eventually, he moved back to London.\",\"sameAs\":[\"https:\\\/\\\/stg-rtrsportscom-rtrstaging.kinsta.cloud\"],\"url\":\"https:\\\/\\\/rtrsports.com\\\/cs\\\/author\\\/riccardo\\\/\"}]}<\/script>\n<!-- \/ Yoast SEO Premium plugin. -->","yoast_head_json":{"title":"MotoGP 2025, pro\u010d kalend\u00e1\u0159 vypad\u00e1 na v\u00fdchod\u011b - RTR Sports","description":"V roce 2025 vypad\u00e1 kalend\u00e1\u0159 MotoGP s n\u00e1vratem \u010cesk\u00e9 republiky a premi\u00e9rou Ma\u010farska rozhodn\u011b V\u00ddCHODN\u011a.","robots":{"index":"index","follow":"follow","max-snippet":"max-snippet:-1","max-image-preview":"max-image-preview:large","max-video-preview":"max-video-preview:-1"},"canonical":"https:\/\/rtrsports.com\/cs\/blog\/motogp-2025-proc-kalendar-vypada-na-vychode\/","og_locale":"cs_CZ","og_type":"article","og_title":"MotoGP 2025, pro\u010d kalend\u00e1\u0159 vypad\u00e1 na v\u00fdchod\u011b","og_description":"V roce 2025 vypad\u00e1 kalend\u00e1\u0159 MotoGP s n\u00e1vratem \u010cesk\u00e9 republiky a premi\u00e9rou Ma\u010farska rozhodn\u011b V\u00ddCHODN\u011a.","og_url":"https:\/\/rtrsports.com\/cs\/blog\/motogp-2025-proc-kalendar-vypada-na-vychode\/","og_site_name":"RTR Sports","article_publisher":"https:\/\/www.facebook.com\/RTRSportsMarketing\/","og_image":[{"width":2560,"height":1706,"url":"https:\/\/rtrsports.com\/wp-content\/uploads\/2025\/02\/MT31553-scaled.jpg","type":"image\/jpeg"}],"author":"Riccardo Taf\u00e0","twitter_card":"summary_large_image","twitter_creator":"@rtrsports","twitter_site":"@rtrsports","twitter_misc":{"Napsal(a)":"Riccardo Taf\u00e0","Odhadovan\u00e1 doba \u010dten\u00ed":"5 minut"},"schema":{"@context":"https:\/\/schema.org","@graph":[{"@type":"Article","@id":"https:\/\/rtrsports.com\/cs\/blog\/motogp-2025-proc-kalendar-vypada-na-vychode\/#article","isPartOf":{"@id":"https:\/\/rtrsports.com\/cs\/blog\/motogp-2025-proc-kalendar-vypada-na-vychode\/"},"author":{"name":"Riccardo Taf\u00e0","@id":"https:\/\/rtrsports.com\/cs\/#\/schema\/person\/7ca2648b3d857cbfff8c499aaed0420e"},"headline":"MotoGP 2025, pro\u010d kalend\u00e1\u0159 vypad\u00e1 na v\u00fdchod\u011b","datePublished":"2025-02-27T09:35:02+00:00","dateModified":"2025-04-20T16:14:08+00:00","mainEntityOfPage":{"@id":"https:\/\/rtrsports.com\/cs\/blog\/motogp-2025-proc-kalendar-vypada-na-vychode\/"},"wordCount":1192,"commentCount":0,"publisher":{"@id":"https:\/\/rtrsports.com\/cs\/#organization"},"image":{"@id":"https:\/\/rtrsports.com\/cs\/blog\/motogp-2025-proc-kalendar-vypada-na-vychode\/#primaryimage"},"thumbnailUrl":"https:\/\/rtrsports.com\/wp-content\/uploads\/2025\/02\/MT31553-scaled.jpg","articleSection":["Uncategorized @cs"],"inLanguage":"cs","potentialAction":[{"@type":"CommentAction","name":"Comment","target":["https:\/\/rtrsports.com\/cs\/blog\/motogp-2025-proc-kalendar-vypada-na-vychode\/#respond"]}]},{"@type":"WebPage","@id":"https:\/\/rtrsports.com\/cs\/blog\/motogp-2025-proc-kalendar-vypada-na-vychode\/","url":"https:\/\/rtrsports.com\/cs\/blog\/motogp-2025-proc-kalendar-vypada-na-vychode\/","name":"MotoGP 2025, pro\u010d kalend\u00e1\u0159 vypad\u00e1 na v\u00fdchod\u011b - RTR Sports","isPartOf":{"@id":"https:\/\/rtrsports.com\/cs\/#website"},"primaryImageOfPage":{"@id":"https:\/\/rtrsports.com\/cs\/blog\/motogp-2025-proc-kalendar-vypada-na-vychode\/#primaryimage"},"image":{"@id":"https:\/\/rtrsports.com\/cs\/blog\/motogp-2025-proc-kalendar-vypada-na-vychode\/#primaryimage"},"thumbnailUrl":"https:\/\/rtrsports.com\/wp-content\/uploads\/2025\/02\/MT31553-scaled.jpg","datePublished":"2025-02-27T09:35:02+00:00","dateModified":"2025-04-20T16:14:08+00:00","description":"V roce 2025 vypad\u00e1 kalend\u00e1\u0159 MotoGP s n\u00e1vratem \u010cesk\u00e9 republiky a premi\u00e9rou Ma\u010farska rozhodn\u011b V\u00ddCHODN\u011a.","breadcrumb":{"@id":"https:\/\/rtrsports.com\/cs\/blog\/motogp-2025-proc-kalendar-vypada-na-vychode\/#breadcrumb"},"inLanguage":"cs","potentialAction":[{"@type":"ReadAction","target":["https:\/\/rtrsports.com\/cs\/blog\/motogp-2025-proc-kalendar-vypada-na-vychode\/"]}]},{"@type":"ImageObject","inLanguage":"cs","@id":"https:\/\/rtrsports.com\/cs\/blog\/motogp-2025-proc-kalendar-vypada-na-vychode\/#primaryimage","url":"https:\/\/rtrsports.com\/wp-content\/uploads\/2025\/02\/MT31553-scaled.jpg","contentUrl":"https:\/\/rtrsports.com\/wp-content\/uploads\/2025\/02\/MT31553-scaled.jpg","width":2560,"height":1706,"caption":"b\u011bhem sez\u00f3ny 2024 mistrovstv\u00ed sv\u011bta silni\u010dn\u00edch motocykl\u016f 2024 race 18 Buriram GP in Chang Circuit, Buriram (Thailand) \u00a9 2024 mirco lazzari mircolazzari@yahoo.it"},{"@type":"BreadcrumbList","@id":"https:\/\/rtrsports.com\/cs\/blog\/motogp-2025-proc-kalendar-vypada-na-vychode\/#breadcrumb","itemListElement":[{"@type":"ListItem","position":1,"name":"Home","item":"https:\/\/rtrsports.com\/cs\/"},{"@type":"ListItem","position":2,"name":"MotoGP 2025, pro\u010d kalend\u00e1\u0159 vypad\u00e1 na v\u00fdchod\u011b"}]},{"@type":"WebSite","@id":"https:\/\/rtrsports.com\/cs\/#website","url":"https:\/\/rtrsports.com\/cs\/","name":"RTR Sports Marketing","description":"RTR Sports Marketing is a global motorsport sponsorship agency and consultancy, specialized in Formula 1 and MotoGP, and active across all major international racing series including Formula E, NASCAR, WEC, WRC and Dakar, helping brands build data-driven, high-performance sponsorship programs.","publisher":{"@id":"https:\/\/rtrsports.com\/cs\/#organization"},"alternateName":"RTR Sports","potentialAction":[{"@type":"SearchAction","target":{"@type":"EntryPoint","urlTemplate":"https:\/\/rtrsports.com\/cs\/?s={search_term_string}"},"query-input":{"@type":"PropertyValueSpecification","valueRequired":true,"valueName":"search_term_string"}}],"inLanguage":"cs"},{"@type":"Organization","@id":"https:\/\/rtrsports.com\/cs\/#organization","name":"RTR Sports Marketing","alternateName":"RTR sports","url":"https:\/\/rtrsports.com\/cs\/","logo":{"@type":"ImageObject","inLanguage":"cs","@id":"https:\/\/rtrsports.com\/cs\/#\/schema\/logo\/image\/","url":"https:\/\/rtrsports.com\/wp-content\/uploads\/2024\/01\/rtrsports-anniversary-1.jpg","contentUrl":"https:\/\/rtrsports.com\/wp-content\/uploads\/2024\/01\/rtrsports-anniversary-1.jpg","width":946,"height":260,"caption":"RTR Sports Marketing"},"image":{"@id":"https:\/\/rtrsports.com\/cs\/#\/schema\/logo\/image\/"},"sameAs":["https:\/\/www.facebook.com\/RTRSportsMarketing\/","https:\/\/x.com\/rtrsports","https:\/\/www.linkedin.com\/company\/rtr-sports-marketing\/"],"description":"RTR Sports Marketing is a global motorsport sponsorship agency and consultancy, specialized in Formula 1 and MotoGP, and active across all major international racing series including Formula E, NASCAR, WEC, WRC and Dakar, helping brands build data-driven, high-performance sponsorship programs.","email":"info@rtrsports.com","legalName":"RTR Sports Marketing LTD","numberOfEmployees":{"@type":"QuantitativeValue","minValue":"1","maxValue":"10"}},{"@type":"Person","@id":"https:\/\/rtrsports.com\/cs\/#\/schema\/person\/7ca2648b3d857cbfff8c499aaed0420e","name":"Riccardo Taf\u00e0","image":{"@type":"ImageObject","inLanguage":"cs","@id":"https:\/\/secure.gravatar.com\/avatar\/0e03f35d1883656b70508e45dddcbdf581004a3a428fe432d9559b9bbffe803c?s=96&d=mm&r=g","url":"https:\/\/secure.gravatar.com\/avatar\/0e03f35d1883656b70508e45dddcbdf581004a3a428fe432d9559b9bbffe803c?s=96&d=mm&r=g","contentUrl":"https:\/\/secure.gravatar.com\/avatar\/0e03f35d1883656b70508e45dddcbdf581004a3a428fe432d9559b9bbffe803c?s=96&d=mm&r=g","caption":"Riccardo Taf\u00e0"},"description":"Managing Director for RTR Sports, Riccardo graduated in law at the University of Bologna. He began his career in London in PR, then started working in two and four-wheelers. A brief move to Monaco followed before returning to Italy. There he founded RTR, first a consulting firm and then a sports marketing company which, eventually, he moved back to London.","sameAs":["https:\/\/stg-rtrsportscom-rtrstaging.kinsta.cloud"],"url":"https:\/\/rtrsports.com\/cs\/author\/riccardo\/"}]}},"_links":{"self":[{"href":"https:\/\/rtrsports.com\/cs\/wp-json\/wp\/v2\/posts\/276917","targetHints":{"allow":["GET"]}}],"collection":[{"href":"https:\/\/rtrsports.com\/cs\/wp-json\/wp\/v2\/posts"}],"about":[{"href":"https:\/\/rtrsports.com\/cs\/wp-json\/wp\/v2\/types\/post"}],"author":[{"embeddable":true,"href":"https:\/\/rtrsports.com\/cs\/wp-json\/wp\/v2\/users\/14"}],"replies":[{"embeddable":true,"href":"https:\/\/rtrsports.com\/cs\/wp-json\/wp\/v2\/comments?post=276917"}],"version-history":[{"count":2,"href":"https:\/\/rtrsports.com\/cs\/wp-json\/wp\/v2\/posts\/276917\/revisions"}],"predecessor-version":[{"id":281543,"href":"https:\/\/rtrsports.com\/cs\/wp-json\/wp\/v2\/posts\/276917\/revisions\/281543"}],"wp:featuredmedia":[{"embeddable":true,"href":"https:\/\/rtrsports.com\/cs\/wp-json\/wp\/v2\/media\/276905"}],"wp:attachment":[{"href":"https:\/\/rtrsports.com\/cs\/wp-json\/wp\/v2\/media?parent=276917"}],"wp:term":[{"taxonomy":"category","embeddable":true,"href":"https:\/\/rtrsports.com\/cs\/wp-json\/wp\/v2\/categories?post=276917"},{"taxonomy":"post_tag","embeddable":true,"href":"https:\/\/rtrsports.com\/cs\/wp-json\/wp\/v2\/tags?post=276917"}],"curies":[{"name":"wp","href":"https:\/\/api.w.org\/{rel}","templated":true}]}}