{"id":240018,"date":"2023-05-05T08:53:18","date_gmt":"2023-05-05T06:53:18","guid":{"rendered":"https:\/\/rtrsports.com\/niki-lauda-el-f1-y-mas-alla\/"},"modified":"2025-07-25T19:38:07","modified_gmt":"2025-07-25T17:38:07","slug":"niki-lauda-el-f1-y-mas-alla","status":"publish","type":"post","link":"https:\/\/rtrsports.com\/es\/blog\/niki-lauda-el-f1-y-mas-alla\/","title":{"rendered":"Niki Lauda, la F1 y m\u00e1s all\u00e1"},"content":{"rendered":"<p class=\"ai-optimize-6 ai-optimize-introduction\"><strong>Niki Lauda<\/strong> fue tres veces campe\u00f3n del mundo de <a href=\"https:\/\/rtrsports.com\/sponsorizzazioni-formula-1\/\"><br \/>\n<strong>Campe\u00f3n del Mundo de F\u00f3rmula Uno<\/strong><br \/>\n<\/a>empresario de \u00e9xito y entusiasta de la aviaci\u00f3n. La vida de Lauda ha estado salpicada de grandes logros en todos los campos, rivalidades tumultuosas y experiencias incre\u00edbles. En las siguientes l\u00edneas intentaremos resumir una vida plena, explorando la carrera de Lauda en la F\u00f3rmula Uno, su vida privada y sus contribuciones al deporte m\u00e1s all\u00e1 de su tiempo en la pista.<\/p>\n<h2 class=\"ai-optimize-7\"><strong>Los primeros a\u00f1os <\/strong><\/h2>\n<p class=\"ai-optimize-8\"><strong>Niki Lauda<\/strong> naci\u00f3 en<strong>Viena<\/strong>( <strong>Austria)<\/strong> en 1949. Su familia era acomodada y su padre, Ernst, un pr\u00f3spero hombre de negocios. Al principio, sus padres quer\u00edan que Lauda trabajara en la banca, pero a Niki le apasionaban los coches de carreras. Comenz\u00f3 su carrera automovil\u00edstica en 1968, pilotando para <strong>March Engineering en la F\u00f3rmula 3<\/strong>, y en s\u00f3lo tres a\u00f1os debut\u00f3 en la F\u00f3rmula 1 en el <strong>Gran Premio de Austria de 1971<\/strong>. 1971 fue un a\u00f1o dedicado a la <strong>F\u00f3rmula 2<\/strong>, realzado por el debut en la F1, \u00fanica carrera de la temporada en la m\u00e1xima categor\u00eda.<\/p>\n<p class=\"ai-optimize-9\">En <strong>1972<\/strong>, Lauda trabaj\u00f3 a tiempo completo para el equipo <strong>March<\/strong> en los campeonatos europeos de F\u00f3rmula 2 y <strong>F\u00f3rmula 1<\/strong>. En aquella \u00e9poca no era raro que los pilotos corrieran en m\u00e1s de una categor\u00eda, ya en la d\u00e9cada de 1970 hab\u00eda m\u00e1s de 20 carreras en 12 meses. Las primeras temporadas de Lauda en la F\u00f3rmula 1 fueron dif\u00edciles, Niki luch\u00f3 por encontrar un coche competitivo, pero en <strong>1974<\/strong> fue fichado por <strong>la Scuderia Ferrari<\/strong> y su suerte cambi\u00f3 radicalmente.<\/p>\n<h2 class=\"ai-optimize-10\"><strong><img loading=\"lazy\" decoding=\"async\" class=\"aligncenter size-large wp-image-126440\" src=\"https:\/\/rtrsports.com\/wp-content\/uploads\/2024\/07\/niki_lauda_1975_watkins_glen.jpg\" alt=\"Niki Lauda\" width=\"596\" height=\"400\" \/><\/strong><\/h2>\n<h2 class=\"ai-optimize-11\"><strong>Rivalidad en la pista<\/strong><\/h2>\n<p class=\"ai-optimize-12\">En <strong>1975,<\/strong> Lauda, en su segundo a\u00f1o con <strong>Ferrari,<\/strong> gan\u00f3 su primer <strong>Campeonato del Mundo<\/strong> dominando la temporada, ganando cinco <strong>Grandes Premios<\/strong> y terminando en el podio <strong>11 veces en 14 carreras<\/strong>. Su rival m\u00e1s tenaz era su compa\u00f1ero de equipo, <strong>Clay Regazzoni<\/strong>. Regazzoni era un competidor feroz y no ten\u00eda reparos en competir duramente con Lauda. Los dos pilotos manten\u00edan una fuerte rivalidad, pero tambi\u00e9n mucho respeto mutuo. Ferrari domin\u00f3 y los aficionados, entre la emoci\u00f3n, enloquecieron de alegr\u00eda.<\/p>\n<h2 class=\"ai-optimize-13\"><strong>El accidente de Nurburgring y la remontada de Monza<\/strong><\/h2>\n<p class=\"ai-optimize-14\">El 1 de agosto <strong>de 1976,<\/strong> Lauda, que lideraba el campeonato, sufri\u00f3 un terrible accidente durante el <strong>Gran Premio de Alemania. El circuito de Nurburgring, conocido por ser desafiante y peligroso, result\u00f3 traicionero para Lauda aquel d\u00eda.<\/strong><\/p>\n<p class=\"ai-optimize-15\">Su Ferrari se incendi\u00f3 tras chocar contra el terrapl\u00e9n rocoso que bordea esa parte de la pista, qued\u00f3 atrapado en el coche durante casi un minuto antes de ser rescatado. <strong>Arturo Merzario<\/strong>, <strong>Guy Edwards<\/strong> y <strong>Harald Ertl<\/strong> le sacaron de entre los restos de su coche en llamas y le salvaron la vida. Niki sufri\u00f3 quemaduras graves en la <strong>cara<\/strong> y los pulmones y sus posibilidades de sobrevivir eran escasas. Sin embargo, se recuper\u00f3 de forma notable y no volvi\u00f3 a competir hasta seis semanas despu\u00e9s en Monza, con las lesiones a\u00fan cur\u00e1ndose. Entonces demostr\u00f3 una voluntad y un valor sobrehumanos, ponerse y quitarse el casco era muy doloroso y segu\u00eda utilizando ap\u00f3sitos protectores para sus heridas. Tras clasificarse en d\u00e9cima posici\u00f3n, consigui\u00f3 terminar cuarto en la carrera, Niki estaba de vuelta y el campeonato del mundo parec\u00eda a\u00fan al alcance de la mano. S\u00f3lo hab\u00edan pasado 42 d\u00edas desde la competici\u00f3n alemana, pero parec\u00eda toda una vida.<\/p>\n<p class=\"ai-optimize-16\">Sin embargo, no todas las historias acaban bien, y 1976 termin\u00f3 con la retirada de Lauda en el mojado <strong>Gran Premio de<\/strong> Jap\u00f3n, cediendo el t\u00edtulo a <strong>Hunt<\/strong> por un solo punto. Lauda consider\u00f3 que era demasiado peligroso correr en la pista de Fuji ese d\u00eda y, coherente como siempre, se detuvo. El ingeniero Forghieri, director t\u00e9cnico del equipo de Maranello, estaba dispuesto a decir una mentirijilla recurriendo al cl\u00e1sico &#8220;fallo el\u00e9ctrico&#8221;, pero Lauda no quiso saber nada y dijo su verdad. La relaci\u00f3n con el gran hombre del automovilismo mundial empez\u00f3 entonces a agriarse.<\/p>\n<h2 class=\"ai-optimize-17\"><strong><img loading=\"lazy\" decoding=\"async\" class=\"aligncenter size-large wp-image-126448\" src=\"https:\/\/rtrsports.com\/wp-content\/uploads\/2024\/08\/niki_lauda_-_ferrari_312t2_-_1976_race_of_champions_brands_hatch-559x400.jpg\" alt=\"NIki Lauda\" width=\"559\" height=\"400\" \/><\/strong><\/h2>\n<h2 class=\"ai-optimize-18\"><strong>Los a\u00f1os con Brabham y la retirada de 1979<\/strong><\/h2>\n<p class=\"ai-optimize-19\">En <strong>1977<\/strong>, sin embargo, hubo una vuelta a la &#8220;normalidad&#8221;: Lauda gan\u00f3 su segundo <strong>Campeonato del Mundo<\/strong>, pero dej\u00f3 <strong>Ferrari<\/strong> por <strong>Brabham<\/strong> debido a algunos desacuerdos y malentendidos surgidos en el dif\u00edcil periodo entre el accidente de Alemania y su retirada de la carrera de Jap\u00f3n. Terminaba as\u00ed la colaboraci\u00f3n entre el piloto austriaco y la escuder\u00eda <strong>de Maranello<\/strong>, que en cuatro a\u00f1os hab\u00eda dado dos t\u00edtulos mundiales, un segundo y un cuarto puesto. Qu\u00e9 tiempos.<\/p>\n<p class=\"ai-optimize-20\">En <strong>1978<\/strong>, Lauda se puso al volante del <strong>Brabham<\/strong> de <strong>Bernie Ecclestone<\/strong>. Niki ten\u00eda un coche r\u00e1pido pero poco fiable y la temporada estuvo marcada por una larga serie de abandonos; gan\u00f3 dos carreras en Suecia y Monza y fue cuarto en la general.<\/p>\n<p class=\"ai-optimize-21\">En <strong>1979<\/strong>, el rendimiento del equipo brit\u00e1nico cay\u00f3 en picado debido a problemas de fiabilidad y a un coche poco competitivo. Al final de una sesi\u00f3n de entrenamientos del <strong>Gran Premio<\/strong> de Canad\u00e1, Lauda decidi\u00f3 retirarse de las carreras con efecto inmediato&#8230; se lo comunic\u00f3 a Ecclestone y regres\u00f3 a Austria para dedicarse a tiempo completo a dirigir su propia compa\u00f1\u00eda a\u00e9rea, <strong>Lauda Air<\/strong>, que hab\u00eda fundado ese mismo a\u00f1o.<\/p>\n<h2 class=\"ai-optimize-22\"><strong><img loading=\"lazy\" decoding=\"async\" class=\"aligncenter size-large wp-image-126464\" src=\"https:\/\/rtrsports.com\/wp-content\/uploads\/2024\/08\/niki_lauda_1982_british_gp-600x400.jpg\" alt=\"Lauda Mclaren\" width=\"600\" height=\"400\" \/><\/strong><\/h2>\n<h2 class=\"ai-optimize-23\"><strong>McLaren, regreso y triunfo<\/strong><\/h2>\n<p class=\"ai-optimize-24\">La nueva aventura le va bien a Lauda, pero es evidente que le falta la adrenalina de las carreras. En 1982 decidi\u00f3 volver, en parte gracias a una supercontrataci\u00f3n de 3 millones de d\u00f3lares, con <strong>McLaren<\/strong>. Fue un buen a\u00f1o en el que gan\u00f3 dos carreras y termin\u00f3 el campeonato en quinto lugar. Despu\u00e9s de semejante remontada uno espera grandes cosas&#8230; en cambio 1983 es un a\u00f1o para olvidar. Sin embargo, el triunfo lleg\u00f3 en 1984, cuando Lauda gan\u00f3 su tercer <strong>Campeonato del Mundo<\/strong>, superando a su compa\u00f1ero de equipo, <strong>Alain Prost<\/strong>, por s\u00f3lo medio punto.<\/p>\n<h2 class=\"ai-optimize-25\"><strong>Lauda como hombre<\/strong><\/h2>\n<p class=\"ai-optimize-26\">Fuera de la pista, <strong>Lauda<\/strong> era conocido por su personalidad franca y su sentido del humor, y a menudo respond\u00eda con ingenio a las preguntas de los periodistas. Cuando le preguntaron si le gustar\u00eda que se modificara el reglamento, respondi\u00f3 en una ocasi\u00f3n: &#8220;S\u00ed, me gustar\u00eda que se sustituyeran los coches de carreras por aviones. As\u00ed ganar\u00eda todas las carreras&#8221;. Tambi\u00e9n era conocido por su afici\u00f3n a la buena comida y al vino, y a menudo se permit\u00eda ambas cosas incluso cuando estaba en plena actividad.<br \/>\nEra muy reservado y no le gustaba hablar de su vida privada. Se cas\u00f3 dos veces y tuvo dos hijos, <strong>Mathias<\/strong> y <strong>Lukas<\/strong>. Mathias sigui\u00f3 los pasos de su padre y se convirti\u00f3 en piloto de carreras profesional; actualmente colabora con Aston<strong>Martin<\/strong> como piloto oficial en <strong>el FIA WEC<\/strong> y <strong>Lukas<\/strong> es su m\u00e1nager.<\/p>\n<h2 class=\"ai-optimize-27\"><strong><img loading=\"lazy\" decoding=\"async\" class=\"aligncenter size-large wp-image-126456\" src=\"https:\/\/rtrsports.com\/wp-content\/uploads\/2024\/08\/susie_wolff_niki_lauda-scaled-1-600x398.jpg\" alt=\"susie wolf niki lauda\" width=\"600\" height=\"398\" \/><\/strong><\/h2>\n<h2 class=\"ai-optimize-28\"><strong>Lauda, pasi\u00f3n por los aviones y asesoramiento en F\u00f3rmula 1<\/strong><\/h2>\n<p class=\"ai-optimize-29\">Lauda era un apasionado de <strong>la aviaci\u00f3n<\/strong> y ten\u00eda licencia de <strong>piloto comercial<\/strong>. En 1979 fund\u00f3 <strong>Lauda Air<\/strong>, conocida por su alto nivel de seguridad y excelente servicio, y al cabo de unos a\u00f1os la vendi\u00f3 a <strong>Austrian Airlines<\/strong>. M\u00e1s tarde fund\u00f3 y dirigi\u00f3 varias aerol\u00edneas de bajo coste y de ocio. Dos veces por semana pilotaba personalmente su avi\u00f3n comercial, el capit\u00e1n Niki Lauda.<\/p>\n<p class=\"ai-optimize-30\">Tras retirarse, <strong>Lauda<\/strong> tambi\u00e9n trabaj\u00f3 como asesor para varios equipos de F\u00f3rmula Uno, entre ellos <strong>Ferrari<\/strong> y <strong>Jaguar<\/strong>, como <strong>director de equipo<\/strong>. Por cierto, en 2002 se subi\u00f3 al Jaguar y lo prob\u00f3 en Valencia, 18 a\u00f1os despu\u00e9s de su \u00faltima temporada de competici\u00f3n. En 2012, fue nombrado presidente no ejecutivo del <strong>equipo de F\u00f3rmula Uno Mercedes-AMG Petronas<\/strong> y desempe\u00f1\u00f3 un papel clave en el \u00e9xito del equipo en los a\u00f1os siguientes hasta su fallecimiento en 2019.<\/p>\n<p class=\"ai-optimize-31\">La gente recuerda su <strong>estilo directo<\/strong> y su capacidad para <strong>estar por encima de la pol\u00edtica deportiva<\/strong>.<\/p>\n<h2 class=\"ai-optimize-32\"><strong>Relaciones con otros pilotos<\/strong><\/h2>\n<p class=\"ai-optimize-33\">Lauda ten\u00eda una relaci\u00f3n complicada con los dem\u00e1s pilotos. Se le respetaba por su habilidad al volante y su determinaci\u00f3n para ganar, pero tambi\u00e9n pod\u00eda ser abrasivo y conflictivo, dec\u00edan de \u00e9l:<\/p>\n<p class=\"ai-optimize-34\"><strong>Alain Prost <\/strong>&#8216;Niki fue un gran campe\u00f3n y un gran hombre. Siempre fue muy justo en la pista y muy directo fuera de ella. Fue uno de mis competidores m\u00e1s duros, pero siempre nos tuvimos mucho respeto&#8221;.<\/p>\n<p class=\"ai-optimize-35\"><strong>Lewis Hamilton, que gan\u00f3 el Gran Premio de M\u00f3naco 2019 llevando un casco con un dise\u00f1o en homenaje a Lauda, declar\u00f3 <\/strong>: &#8220;Niki era una leyenda del deporte y fue un honor conocerle. Logr\u00f3 tanto en su vida, tanto dentro como fuera de la pista, y siempre ser\u00e1 recordado como uno de los grandes.&#8221;<\/p>\n<p class=\"ai-optimize-36\"><strong>Sebastian Vettel <\/strong>&#8220;Niki fue una aut\u00e9ntica inspiraci\u00f3n para m\u00ed, como piloto y como persona. Era un luchador y nunca se rindi\u00f3, ni siquiera en los momentos m\u00e1s dif\u00edciles. Le echaremos mucho de menos.<\/p>\n<p class=\"ai-optimize-37\"><strong>Damon <\/strong> Hill &#8220;Niki fue un gran piloto y un gran embajador de este deporte. Ten\u00eda una mente aguda y un gran sentido del humor, y siempre dec\u00eda lo que pensaba. Ser\u00e1 recordado como uno de los verdaderos personajes de este deporte&#8221;.<\/p>\n<p class=\"ai-optimize-38\"><strong>Gerhard Berger<\/strong> &#8220;Niki fue mi amigo y mentor, y aprend\u00ed mucho de \u00e9l. Era un gran piloto y un gran hombre de negocios, y ten\u00eda una perspectiva \u00fanica del deporte. Todos los que le conocieron le echar\u00e1n de menos&#8221;.<\/p>\n<p class=\"ai-optimize-39\"><strong>David Coulthard:<\/strong> &#8220;Niki Lauda era un gigante de este deporte y su fallecimiento es una gran p\u00e9rdida para toda la comunidad de la F\u00f3rmula Uno. Nunca ser\u00e1 olvidado&#8221;. Nunca se olvidar\u00e1&#8221;.<\/p>\n<h2 class=\"ai-optimize-40\"><strong>Carreras inolvidables<\/strong><\/h2>\n<p class=\"ai-optimize-41\">La carrera de Niki Lauda estuvo llena de momentos que quedar\u00e1n grabados para siempre en la historia de la F\u00f3rmula 1. \u00c9stos son los que recuerdan los viejos aficionados:<\/p>\n<p class=\"ai-optimize-42\"><strong>1974 Gran Premio de Espa\u00f1a:<\/strong> primera victoria de Lauda en <a href=\"http:\/\/F1.com\">la F\u00f3rmula 1<\/a>. El austriaco domin\u00f3 la carrera poni\u00e9ndose inmediatamente en cabeza, su ritmo fue tal que dobl\u00f3 a casi todos sus rivales y termin\u00f3 con m\u00e1s de un minuto de ventaja sobre el segundo clasificado.<\/p>\n<p class=\"ai-optimize-43\"><strong>Gran Premio de M\u00f3naco de 1975<\/strong>: Lauda gana la carrera a pesar de tener problemas con la caja de cambios durante gran parte de la misma. A pesar de una lesi\u00f3n en la mu\u00f1eca, Lauda realiz\u00f3 una carrera impecable y se llev\u00f3 la victoria<strong>.<\/strong><\/p>\n<p class=\"ai-optimize-44\"><strong>Gran Premio de Italia de 1975:<\/strong> Esta fue una carrera crucial para la temporada de Lauda, que gan\u00f3 el campeonato. Sali\u00f3 desde la pole position, pero tuvo que luchar con su compa\u00f1ero de equipo Clay Regazzoni durante gran parte de la carrera. Al final gan\u00f3 por poco m\u00e1s de un segundo<strong>.<\/strong><\/p>\n<p class=\"ai-optimize-45\">El Gran Premio <strong>de Gran Breta\u00f1a de 1976<\/strong>: Fue una victoria muy re\u00f1ida para Lauda, que tuvo que adelantar a James Hunt en los \u00faltimos compases de la carrera.<\/p>\n<p class=\"ai-optimize-46\">Sin duda, uno de los momentos m\u00e1s emblem\u00e1ticos de la carrera de Niki Lauda fue su decisi\u00f3n de retirarse en el <strong>Gran Premio de Jap\u00f3n de 1976<\/strong>, que acab\u00f3 dando el t\u00edtulo de campe\u00f3n a su principal rival, James Hunt. La carrera se disput\u00f3 bajo una lluvia torrencial y Lauda, que hab\u00eda sufrido un terrible accidente a principios de temporada, consider\u00f3 que las condiciones eran demasiado peligrosas para continuar. A pesar de su ventaja en la clasificaci\u00f3n del campeonato, decidi\u00f3 retirarse de la carrera tras s\u00f3lo dos vueltas. Hunt gan\u00f3 la carrera y se llev\u00f3 el t\u00edtulo por un solo punto. La decisi\u00f3n de Lauda fue controvertida en su momento, pero demostr\u00f3 su integridad y compromiso con la seguridad, incluso a costa de un t\u00edtulo de campe\u00f3n. En a\u00f1os posteriores, <strong>Lauda y Hunt se hicieron muy amigos<\/strong> y su rivalidad y respeto mutuo se convirtieron en el tema de la pel\u00edcula <strong>&#8220;Rush&#8221;<\/strong>.<\/p>\n<p class=\"ai-optimize-47\"><strong>Gran Premio de Sud\u00e1frica de 1977<\/strong>: victoria dominante de Lauda, que lider\u00f3 todas las vueltas de la carrera y termin\u00f3 con m\u00e1s de un minuto de ventaja sobre el segundo clasificado.<\/p>\n<p class=\"ai-optimize-48\"><strong>Gran Premio de Alemania de 1977:<\/strong> batalla cl\u00e1sica entre Lauda y su principal rival, Jody Scheckter. Los dos intercambiaron el liderato varias veces, pero fue Lauda quien se impuso, en el a\u00f1o en que consigui\u00f3 ganar su segundo campeonato del mundo.<\/p>\n<p class=\"ai-optimize-49\"><strong>1982 Gran Premio de Estados Unidos, Long Beach:<\/strong> fue la primera victoria de Lauda en su regreso a la F\u00f3rmula 1. Partiendo desde la tercera posici\u00f3n de la parrilla, escal\u00f3 hasta el liderato y volvi\u00f3 a subir al podio.<\/p>\n<p class=\"ai-optimize-50\"><strong>Gran Premio de Portugal de 1984:<\/strong> \u00faltima carrera del a\u00f1o, tensa batalla entre Lauda y su compa\u00f1ero de equipo.<\/p>\n<p>&nbsp;<\/p>\n<p>&nbsp;<\/p>\n<p>&nbsp;<\/p>\n<hr \/>\n<pre>Pictures from the top: \r\n\r\nChristian Sinclair, Niki Lauda, driving his Scuderia Ferrari at the 1975 United States Grand Prix, Creative Commons Attribution 2.0 Generic license.\r\n\r\nMartin Lee, Niki Lauda - Ferrari 312T2 approaches Druids at the 1976 Race of Champions, Brands Hatch, Creative Commons Attribution-Share Alike 2.0\r\n\r\nMartin Lee, Niki Lauda at the 1982 British Grand Prix, Creative Commons Attribution-Share Alike 2.0 Generic license.\r\n\r\nThomas Ormston, Susie Wolff and Niki Lauda, Creative Commons Attribution 2.0 Generic license.<\/pre>\n","protected":false},"excerpt":{"rendered":"<p>Niki Lauda fue tres veces campe\u00f3n del mundo de Campe\u00f3n del Mundo de F\u00f3rmula Uno empresario de \u00e9xito y entusiasta de la aviaci\u00f3n. La vida de Lauda ha estado salpicada de grandes logros en todos los campos, rivalidades tumultuosas y experiencias incre\u00edbles. En las siguientes l\u00edneas intentaremos resumir una vida plena, explorando la carrera de [&hellip;]<\/p>\n","protected":false},"author":2,"featured_media":194429,"comment_status":"open","ping_status":"open","sticky":false,"template":"","format":"standard","meta":{"_acf_changed":false,"footnotes":""},"categories":[20124,20112],"tags":[],"class_list":["post-240018","post","type-post","status-publish","format-standard","has-post-thumbnail","hentry","category-formula-1-es","category-formula1-es"],"acf":[],"contentshake_article_id":"","yoast_head":"<!-- This site is optimized with the Yoast SEO Premium plugin v26.8 (Yoast SEO v27.4) - https:\/\/yoast.com\/product\/yoast-seo-premium-wordpress\/ -->\n<title>Niki Lauda - El campe\u00f3n de F1 que vivi\u00f3 dos veces<\/title>\n<meta name=\"description\" content=\"Niki Lauda fue tres veces campe\u00f3n del mundo de F1, empresario de \u00e9xito y entusiasta de la aviaci\u00f3n.\" \/>\n<meta name=\"robots\" content=\"index, follow, max-snippet:-1, max-image-preview:large, max-video-preview:-1\" \/>\n<link rel=\"canonical\" href=\"https:\/\/rtrsports.com\/es\/blog\/niki-lauda-el-f1-y-mas-alla\/\" \/>\n<meta property=\"og:locale\" content=\"es_ES\" \/>\n<meta property=\"og:type\" content=\"article\" \/>\n<meta property=\"og:title\" content=\"Niki Lauda, la F1 y m\u00e1s all\u00e1\" \/>\n<meta property=\"og:description\" content=\"Niki Lauda fue tres veces campe\u00f3n del mundo de F1, empresario de \u00e9xito y entusiasta de la aviaci\u00f3n.\" \/>\n<meta property=\"og:url\" content=\"https:\/\/rtrsports.com\/es\/blog\/niki-lauda-el-f1-y-mas-alla\/\" \/>\n<meta property=\"og:site_name\" content=\"RTR Sports\" \/>\n<meta property=\"article:publisher\" content=\"https:\/\/www.facebook.com\/RTRSportsMarketing\/\" \/>\n<meta property=\"article:author\" content=\"https:\/\/www.facebook.com\/rtrsportsmarketing\" \/>\n<meta property=\"og:image\" content=\"https:\/\/rtrsports.com\/wp-content\/uploads\/2024\/07\/niki_lauda_1975_watkins_glen.jpg\" \/>\n\t<meta property=\"og:image:width\" content=\"800\" \/>\n\t<meta property=\"og:image:height\" content=\"537\" \/>\n\t<meta property=\"og:image:type\" content=\"image\/jpeg\" \/>\n<meta name=\"author\" content=\"Emanuele Venturoli\" \/>\n<meta name=\"twitter:card\" content=\"summary_large_image\" \/>\n<meta name=\"twitter:creator\" content=\"@twitter.com\/RTR_motoGP\" \/>\n<meta name=\"twitter:site\" content=\"@rtrsports\" \/>\n<meta name=\"twitter:label1\" content=\"Written by\" \/>\n\t<meta name=\"twitter:data1\" content=\"Emanuele Venturoli\" \/>\n\t<meta name=\"twitter:label2\" content=\"Est. reading time\" \/>\n\t<meta name=\"twitter:data2\" content=\"12 minutes\" \/>\n<script type=\"application\/ld+json\" class=\"yoast-schema-graph\">{\"@context\":\"https:\\\/\\\/schema.org\",\"@graph\":[{\"@type\":\"Article\",\"@id\":\"https:\\\/\\\/rtrsports.com\\\/es\\\/blog\\\/niki-lauda-el-f1-y-mas-alla\\\/#article\",\"isPartOf\":{\"@id\":\"https:\\\/\\\/rtrsports.com\\\/es\\\/blog\\\/niki-lauda-el-f1-y-mas-alla\\\/\"},\"author\":{\"name\":\"Emanuele Venturoli\",\"@id\":\"https:\\\/\\\/rtrsports.com\\\/es\\\/#\\\/schema\\\/person\\\/6db38b859a8be0e39a3fb94a2a7b0a24\"},\"headline\":\"Niki Lauda, la F1 y m\u00e1s all\u00e1\",\"datePublished\":\"2023-05-05T06:53:18+00:00\",\"dateModified\":\"2025-07-25T17:38:07+00:00\",\"mainEntityOfPage\":{\"@id\":\"https:\\\/\\\/rtrsports.com\\\/es\\\/blog\\\/niki-lauda-el-f1-y-mas-alla\\\/\"},\"wordCount\":2133,\"commentCount\":0,\"publisher\":{\"@id\":\"https:\\\/\\\/rtrsports.com\\\/es\\\/#organization\"},\"image\":{\"@id\":\"https:\\\/\\\/rtrsports.com\\\/es\\\/blog\\\/niki-lauda-el-f1-y-mas-alla\\\/#primaryimage\"},\"thumbnailUrl\":\"https:\\\/\\\/rtrsports.com\\\/wp-content\\\/uploads\\\/2024\\\/07\\\/niki_lauda_1975_watkins_glen.jpg\",\"articleSection\":[\"F\u00f3rmula 1\",\"F\u00f3rmula1\"],\"inLanguage\":\"es\",\"potentialAction\":[{\"@type\":\"CommentAction\",\"name\":\"Comment\",\"target\":[\"https:\\\/\\\/rtrsports.com\\\/es\\\/blog\\\/niki-lauda-el-f1-y-mas-alla\\\/#respond\"]}]},{\"@type\":\"WebPage\",\"@id\":\"https:\\\/\\\/rtrsports.com\\\/es\\\/blog\\\/niki-lauda-el-f1-y-mas-alla\\\/\",\"url\":\"https:\\\/\\\/rtrsports.com\\\/es\\\/blog\\\/niki-lauda-el-f1-y-mas-alla\\\/\",\"name\":\"Niki Lauda - El campe\u00f3n de F1 que vivi\u00f3 dos veces\",\"isPartOf\":{\"@id\":\"https:\\\/\\\/rtrsports.com\\\/es\\\/#website\"},\"primaryImageOfPage\":{\"@id\":\"https:\\\/\\\/rtrsports.com\\\/es\\\/blog\\\/niki-lauda-el-f1-y-mas-alla\\\/#primaryimage\"},\"image\":{\"@id\":\"https:\\\/\\\/rtrsports.com\\\/es\\\/blog\\\/niki-lauda-el-f1-y-mas-alla\\\/#primaryimage\"},\"thumbnailUrl\":\"https:\\\/\\\/rtrsports.com\\\/wp-content\\\/uploads\\\/2024\\\/07\\\/niki_lauda_1975_watkins_glen.jpg\",\"datePublished\":\"2023-05-05T06:53:18+00:00\",\"dateModified\":\"2025-07-25T17:38:07+00:00\",\"description\":\"Niki Lauda fue tres veces campe\u00f3n del mundo de F1, empresario de \u00e9xito y entusiasta de la aviaci\u00f3n.\",\"breadcrumb\":{\"@id\":\"https:\\\/\\\/rtrsports.com\\\/es\\\/blog\\\/niki-lauda-el-f1-y-mas-alla\\\/#breadcrumb\"},\"inLanguage\":\"es\",\"potentialAction\":[{\"@type\":\"ReadAction\",\"target\":[\"https:\\\/\\\/rtrsports.com\\\/es\\\/blog\\\/niki-lauda-el-f1-y-mas-alla\\\/\"]}]},{\"@type\":\"ImageObject\",\"inLanguage\":\"es\",\"@id\":\"https:\\\/\\\/rtrsports.com\\\/es\\\/blog\\\/niki-lauda-el-f1-y-mas-alla\\\/#primaryimage\",\"url\":\"https:\\\/\\\/rtrsports.com\\\/wp-content\\\/uploads\\\/2024\\\/07\\\/niki_lauda_1975_watkins_glen.jpg\",\"contentUrl\":\"https:\\\/\\\/rtrsports.com\\\/wp-content\\\/uploads\\\/2024\\\/07\\\/niki_lauda_1975_watkins_glen.jpg\",\"width\":800,\"height\":537,\"caption\":\"Lauda\"},{\"@type\":\"BreadcrumbList\",\"@id\":\"https:\\\/\\\/rtrsports.com\\\/es\\\/blog\\\/niki-lauda-el-f1-y-mas-alla\\\/#breadcrumb\",\"itemListElement\":[{\"@type\":\"ListItem\",\"position\":1,\"name\":\"Home\",\"item\":\"https:\\\/\\\/rtrsports.com\\\/es\\\/\"},{\"@type\":\"ListItem\",\"position\":2,\"name\":\"Niki Lauda, la F1 y m\u00e1s all\u00e1\"}]},{\"@type\":\"WebSite\",\"@id\":\"https:\\\/\\\/rtrsports.com\\\/es\\\/#website\",\"url\":\"https:\\\/\\\/rtrsports.com\\\/es\\\/\",\"name\":\"RTR Sports Marketing\",\"description\":\"RTR Sports Marketing is a global motorsport sponsorship agency and consultancy, specialized in Formula 1 and MotoGP, and active across all major international racing series including Formula E, NASCAR, WEC, WRC and Dakar, helping brands build data-driven, high-performance sponsorship programs.\",\"publisher\":{\"@id\":\"https:\\\/\\\/rtrsports.com\\\/es\\\/#organization\"},\"alternateName\":\"RTR Sports\",\"potentialAction\":[{\"@type\":\"SearchAction\",\"target\":{\"@type\":\"EntryPoint\",\"urlTemplate\":\"https:\\\/\\\/rtrsports.com\\\/es\\\/?s={search_term_string}\"},\"query-input\":{\"@type\":\"PropertyValueSpecification\",\"valueRequired\":true,\"valueName\":\"search_term_string\"}}],\"inLanguage\":\"es\"},{\"@type\":\"Organization\",\"@id\":\"https:\\\/\\\/rtrsports.com\\\/es\\\/#organization\",\"name\":\"RTR Sports Marketing\",\"alternateName\":\"RTR sports\",\"url\":\"https:\\\/\\\/rtrsports.com\\\/es\\\/\",\"logo\":{\"@type\":\"ImageObject\",\"inLanguage\":\"es\",\"@id\":\"https:\\\/\\\/rtrsports.com\\\/es\\\/#\\\/schema\\\/logo\\\/image\\\/\",\"url\":\"https:\\\/\\\/rtrsports.com\\\/wp-content\\\/uploads\\\/2024\\\/01\\\/rtrsports-anniversary-1.jpg\",\"contentUrl\":\"https:\\\/\\\/rtrsports.com\\\/wp-content\\\/uploads\\\/2024\\\/01\\\/rtrsports-anniversary-1.jpg\",\"width\":946,\"height\":260,\"caption\":\"RTR Sports Marketing\"},\"image\":{\"@id\":\"https:\\\/\\\/rtrsports.com\\\/es\\\/#\\\/schema\\\/logo\\\/image\\\/\"},\"sameAs\":[\"https:\\\/\\\/www.facebook.com\\\/RTRSportsMarketing\\\/\",\"https:\\\/\\\/x.com\\\/rtrsports\",\"https:\\\/\\\/www.linkedin.com\\\/company\\\/rtr-sports-marketing\\\/\"],\"description\":\"RTR Sports Marketing is a global motorsport sponsorship agency and consultancy, specialized in Formula 1 and MotoGP, and active across all major international racing series including Formula E, NASCAR, WEC, WRC and Dakar, helping brands build data-driven, high-performance sponsorship programs.\",\"email\":\"info@rtrsports.com\",\"legalName\":\"RTR Sports Marketing LTD\",\"numberOfEmployees\":{\"@type\":\"QuantitativeValue\",\"minValue\":\"1\",\"maxValue\":\"10\"}},{\"@type\":\"Person\",\"@id\":\"https:\\\/\\\/rtrsports.com\\\/es\\\/#\\\/schema\\\/person\\\/6db38b859a8be0e39a3fb94a2a7b0a24\",\"name\":\"Emanuele Venturoli\",\"image\":{\"@type\":\"ImageObject\",\"inLanguage\":\"es\",\"@id\":\"https:\\\/\\\/secure.gravatar.com\\\/avatar\\\/0b31d97856061312ddbe71e59715c5835bd3e68f9734d235e2650b6c5a1fb59f?s=96&d=mm&r=g\",\"url\":\"https:\\\/\\\/secure.gravatar.com\\\/avatar\\\/0b31d97856061312ddbe71e59715c5835bd3e68f9734d235e2650b6c5a1fb59f?s=96&d=mm&r=g\",\"contentUrl\":\"https:\\\/\\\/secure.gravatar.com\\\/avatar\\\/0b31d97856061312ddbe71e59715c5835bd3e68f9734d235e2650b6c5a1fb59f?s=96&d=mm&r=g\",\"caption\":\"Emanuele Venturoli\"},\"description\":\"Emanuele Venturoli holds a degree in Public, Political and Institutional Communication from the University of Bologna. He has built his professional career at the intersection of marketing and sport, with hands-on experience in both basketball and motorsport. He is passionate about motorsport, design and literature, and focuses on helping brands create effective and meaningful partnerships in high-performance sporting environments.\",\"sameAs\":[\"https:\\\/\\\/rtrsports.com\",\"https:\\\/\\\/www.facebook.com\\\/rtrsportsmarketing\",\"https:\\\/\\\/www.linkedin.com\\\/in\\\/emanueleventuroli\\\/\",\"https:\\\/\\\/x.com\\\/twitter.com\\\/RTR_motoGP\"],\"url\":\"https:\\\/\\\/rtrsports.com\\\/es\\\/author\\\/emanuele\\\/\"}]}<\/script>\n<!-- \/ Yoast SEO Premium plugin. -->","yoast_head_json":{"title":"Niki Lauda - El campe\u00f3n de F1 que vivi\u00f3 dos veces","description":"Niki Lauda fue tres veces campe\u00f3n del mundo de F1, empresario de \u00e9xito y entusiasta de la aviaci\u00f3n.","robots":{"index":"index","follow":"follow","max-snippet":"max-snippet:-1","max-image-preview":"max-image-preview:large","max-video-preview":"max-video-preview:-1"},"canonical":"https:\/\/rtrsports.com\/es\/blog\/niki-lauda-el-f1-y-mas-alla\/","og_locale":"es_ES","og_type":"article","og_title":"Niki Lauda, la F1 y m\u00e1s all\u00e1","og_description":"Niki Lauda fue tres veces campe\u00f3n del mundo de F1, empresario de \u00e9xito y entusiasta de la aviaci\u00f3n.","og_url":"https:\/\/rtrsports.com\/es\/blog\/niki-lauda-el-f1-y-mas-alla\/","og_site_name":"RTR Sports","article_publisher":"https:\/\/www.facebook.com\/RTRSportsMarketing\/","article_author":"https:\/\/www.facebook.com\/rtrsportsmarketing","og_image":[{"width":800,"height":537,"url":"https:\/\/rtrsports.com\/wp-content\/uploads\/2024\/07\/niki_lauda_1975_watkins_glen.jpg","type":"image\/jpeg"}],"author":"Emanuele Venturoli","twitter_card":"summary_large_image","twitter_creator":"@twitter.com\/RTR_motoGP","twitter_site":"@rtrsports","twitter_misc":{"Written by":"Emanuele Venturoli","Est. reading time":"12 minutes"},"schema":{"@context":"https:\/\/schema.org","@graph":[{"@type":"Article","@id":"https:\/\/rtrsports.com\/es\/blog\/niki-lauda-el-f1-y-mas-alla\/#article","isPartOf":{"@id":"https:\/\/rtrsports.com\/es\/blog\/niki-lauda-el-f1-y-mas-alla\/"},"author":{"name":"Emanuele Venturoli","@id":"https:\/\/rtrsports.com\/es\/#\/schema\/person\/6db38b859a8be0e39a3fb94a2a7b0a24"},"headline":"Niki Lauda, la F1 y m\u00e1s all\u00e1","datePublished":"2023-05-05T06:53:18+00:00","dateModified":"2025-07-25T17:38:07+00:00","mainEntityOfPage":{"@id":"https:\/\/rtrsports.com\/es\/blog\/niki-lauda-el-f1-y-mas-alla\/"},"wordCount":2133,"commentCount":0,"publisher":{"@id":"https:\/\/rtrsports.com\/es\/#organization"},"image":{"@id":"https:\/\/rtrsports.com\/es\/blog\/niki-lauda-el-f1-y-mas-alla\/#primaryimage"},"thumbnailUrl":"https:\/\/rtrsports.com\/wp-content\/uploads\/2024\/07\/niki_lauda_1975_watkins_glen.jpg","articleSection":["F\u00f3rmula 1","F\u00f3rmula1"],"inLanguage":"es","potentialAction":[{"@type":"CommentAction","name":"Comment","target":["https:\/\/rtrsports.com\/es\/blog\/niki-lauda-el-f1-y-mas-alla\/#respond"]}]},{"@type":"WebPage","@id":"https:\/\/rtrsports.com\/es\/blog\/niki-lauda-el-f1-y-mas-alla\/","url":"https:\/\/rtrsports.com\/es\/blog\/niki-lauda-el-f1-y-mas-alla\/","name":"Niki Lauda - El campe\u00f3n de F1 que vivi\u00f3 dos veces","isPartOf":{"@id":"https:\/\/rtrsports.com\/es\/#website"},"primaryImageOfPage":{"@id":"https:\/\/rtrsports.com\/es\/blog\/niki-lauda-el-f1-y-mas-alla\/#primaryimage"},"image":{"@id":"https:\/\/rtrsports.com\/es\/blog\/niki-lauda-el-f1-y-mas-alla\/#primaryimage"},"thumbnailUrl":"https:\/\/rtrsports.com\/wp-content\/uploads\/2024\/07\/niki_lauda_1975_watkins_glen.jpg","datePublished":"2023-05-05T06:53:18+00:00","dateModified":"2025-07-25T17:38:07+00:00","description":"Niki Lauda fue tres veces campe\u00f3n del mundo de F1, empresario de \u00e9xito y entusiasta de la aviaci\u00f3n.","breadcrumb":{"@id":"https:\/\/rtrsports.com\/es\/blog\/niki-lauda-el-f1-y-mas-alla\/#breadcrumb"},"inLanguage":"es","potentialAction":[{"@type":"ReadAction","target":["https:\/\/rtrsports.com\/es\/blog\/niki-lauda-el-f1-y-mas-alla\/"]}]},{"@type":"ImageObject","inLanguage":"es","@id":"https:\/\/rtrsports.com\/es\/blog\/niki-lauda-el-f1-y-mas-alla\/#primaryimage","url":"https:\/\/rtrsports.com\/wp-content\/uploads\/2024\/07\/niki_lauda_1975_watkins_glen.jpg","contentUrl":"https:\/\/rtrsports.com\/wp-content\/uploads\/2024\/07\/niki_lauda_1975_watkins_glen.jpg","width":800,"height":537,"caption":"Lauda"},{"@type":"BreadcrumbList","@id":"https:\/\/rtrsports.com\/es\/blog\/niki-lauda-el-f1-y-mas-alla\/#breadcrumb","itemListElement":[{"@type":"ListItem","position":1,"name":"Home","item":"https:\/\/rtrsports.com\/es\/"},{"@type":"ListItem","position":2,"name":"Niki Lauda, la F1 y m\u00e1s all\u00e1"}]},{"@type":"WebSite","@id":"https:\/\/rtrsports.com\/es\/#website","url":"https:\/\/rtrsports.com\/es\/","name":"RTR Sports Marketing","description":"RTR Sports Marketing is a global motorsport sponsorship agency and consultancy, specialized in Formula 1 and MotoGP, and active across all major international racing series including Formula E, NASCAR, WEC, WRC and Dakar, helping brands build data-driven, high-performance sponsorship programs.","publisher":{"@id":"https:\/\/rtrsports.com\/es\/#organization"},"alternateName":"RTR Sports","potentialAction":[{"@type":"SearchAction","target":{"@type":"EntryPoint","urlTemplate":"https:\/\/rtrsports.com\/es\/?s={search_term_string}"},"query-input":{"@type":"PropertyValueSpecification","valueRequired":true,"valueName":"search_term_string"}}],"inLanguage":"es"},{"@type":"Organization","@id":"https:\/\/rtrsports.com\/es\/#organization","name":"RTR Sports Marketing","alternateName":"RTR sports","url":"https:\/\/rtrsports.com\/es\/","logo":{"@type":"ImageObject","inLanguage":"es","@id":"https:\/\/rtrsports.com\/es\/#\/schema\/logo\/image\/","url":"https:\/\/rtrsports.com\/wp-content\/uploads\/2024\/01\/rtrsports-anniversary-1.jpg","contentUrl":"https:\/\/rtrsports.com\/wp-content\/uploads\/2024\/01\/rtrsports-anniversary-1.jpg","width":946,"height":260,"caption":"RTR Sports Marketing"},"image":{"@id":"https:\/\/rtrsports.com\/es\/#\/schema\/logo\/image\/"},"sameAs":["https:\/\/www.facebook.com\/RTRSportsMarketing\/","https:\/\/x.com\/rtrsports","https:\/\/www.linkedin.com\/company\/rtr-sports-marketing\/"],"description":"RTR Sports Marketing is a global motorsport sponsorship agency and consultancy, specialized in Formula 1 and MotoGP, and active across all major international racing series including Formula E, NASCAR, WEC, WRC and Dakar, helping brands build data-driven, high-performance sponsorship programs.","email":"info@rtrsports.com","legalName":"RTR Sports Marketing LTD","numberOfEmployees":{"@type":"QuantitativeValue","minValue":"1","maxValue":"10"}},{"@type":"Person","@id":"https:\/\/rtrsports.com\/es\/#\/schema\/person\/6db38b859a8be0e39a3fb94a2a7b0a24","name":"Emanuele Venturoli","image":{"@type":"ImageObject","inLanguage":"es","@id":"https:\/\/secure.gravatar.com\/avatar\/0b31d97856061312ddbe71e59715c5835bd3e68f9734d235e2650b6c5a1fb59f?s=96&d=mm&r=g","url":"https:\/\/secure.gravatar.com\/avatar\/0b31d97856061312ddbe71e59715c5835bd3e68f9734d235e2650b6c5a1fb59f?s=96&d=mm&r=g","contentUrl":"https:\/\/secure.gravatar.com\/avatar\/0b31d97856061312ddbe71e59715c5835bd3e68f9734d235e2650b6c5a1fb59f?s=96&d=mm&r=g","caption":"Emanuele Venturoli"},"description":"Emanuele Venturoli holds a degree in Public, Political and Institutional Communication from the University of Bologna. He has built his professional career at the intersection of marketing and sport, with hands-on experience in both basketball and motorsport. He is passionate about motorsport, design and literature, and focuses on helping brands create effective and meaningful partnerships in high-performance sporting environments.","sameAs":["https:\/\/rtrsports.com","https:\/\/www.facebook.com\/rtrsportsmarketing","https:\/\/www.linkedin.com\/in\/emanueleventuroli\/","https:\/\/x.com\/twitter.com\/RTR_motoGP"],"url":"https:\/\/rtrsports.com\/es\/author\/emanuele\/"}]}},"_links":{"self":[{"href":"https:\/\/rtrsports.com\/es\/wp-json\/wp\/v2\/posts\/240018","targetHints":{"allow":["GET"]}}],"collection":[{"href":"https:\/\/rtrsports.com\/es\/wp-json\/wp\/v2\/posts"}],"about":[{"href":"https:\/\/rtrsports.com\/es\/wp-json\/wp\/v2\/types\/post"}],"author":[{"embeddable":true,"href":"https:\/\/rtrsports.com\/es\/wp-json\/wp\/v2\/users\/2"}],"replies":[{"embeddable":true,"href":"https:\/\/rtrsports.com\/es\/wp-json\/wp\/v2\/comments?post=240018"}],"version-history":[{"count":6,"href":"https:\/\/rtrsports.com\/es\/wp-json\/wp\/v2\/posts\/240018\/revisions"}],"predecessor-version":[{"id":300055,"href":"https:\/\/rtrsports.com\/es\/wp-json\/wp\/v2\/posts\/240018\/revisions\/300055"}],"wp:featuredmedia":[{"embeddable":true,"href":"https:\/\/rtrsports.com\/es\/wp-json\/wp\/v2\/media\/194429"}],"wp:attachment":[{"href":"https:\/\/rtrsports.com\/es\/wp-json\/wp\/v2\/media?parent=240018"}],"wp:term":[{"taxonomy":"category","embeddable":true,"href":"https:\/\/rtrsports.com\/es\/wp-json\/wp\/v2\/categories?post=240018"},{"taxonomy":"post_tag","embeddable":true,"href":"https:\/\/rtrsports.com\/es\/wp-json\/wp\/v2\/tags?post=240018"}],"curies":[{"name":"wp","href":"https:\/\/api.w.org\/{rel}","templated":true}]}}