{"id":241978,"date":"2023-12-28T08:31:16","date_gmt":"2023-12-28T07:31:16","guid":{"rendered":"https:\/\/rtrsports.com\/alain-prost-the-professor-of-formula-1\/"},"modified":"2025-07-25T22:36:41","modified_gmt":"2025-07-25T20:36:41","slug":"alain-prost-the-professor-of-formula-1","status":"publish","type":"post","link":"https:\/\/rtrsports.com\/tr\/blog\/alain-prost-the-professor-of-formula-1\/","title":{"rendered":"Alain Prost, Formula 1&#8217;in &#8216;Profes\u00f6r\u00fc&#8217;"},"content":{"rendered":"<p><strong>Formula 1<\/strong> tarihinin en b\u00fcy\u00fck pilotlar\u0131ndan biri olarak kabul edilen <strong>Alain Prost<\/strong>, <strong>d\u00f6rt d\u00fcnya \u015fampiyonlu\u011fu<\/strong> ile 1980&#8217;ler ve 1990&#8217;lardaki en heyecan verici rekabetlerden baz\u0131lar\u0131n\u0131n ba\u015f kahraman\u0131yd\u0131. <strong>Lauda, Mansell<\/strong> ve <a href=\"https:\/\/rtrsports.com\/tr\/blog\/formula-1-best-drivers-ayrton-senna\/\"><br \/>\n<strong>Senna<\/strong><br \/>\n<\/a> yar\u0131\u015flar\u0131n en heyecanl\u0131 sayfalar\u0131ndan baz\u0131lar\u0131n\u0131 yazd\u0131.<\/p>\n<h2><strong>K\u00fc\u00e7\u00fck form\u00fcllerdeki ba\u015flang\u0131\u00e7lar<\/strong><\/h2>\n<p>1955 y\u0131l\u0131nda <strong>Fransa<\/strong> \u201cda do\u011fan Prost, kariyerine 14 ya\u015f\u0131nda kartlarla ba\u015flad\u0131. 1973 y\u0131l\u0131nda hem Fransa <strong>Gen\u00e7ler<\/strong> hem de <strong>D\u00fcnya Gen\u00e7ler<\/strong> \u015fampiyonluklar\u0131n\u0131 kazand\u0131. 1974 y\u0131l\u0131nda ise <strong>Elit<\/strong> kategorisinde Fransa \u015fampiyonu oldu. 1976\u201d da tek ki\u015filik ara\u00e7lara ge\u00e7ti ve hemen Formula Renault \u015fampiyonlu\u011funu kazanarak bir yar\u0131\u015f hari\u00e7 t\u00fcm yar\u0131\u015flar\u0131 kazand\u0131. 1978&#8217;de Formula 3&#8217;te yar\u0131\u015fan Prost, 1979&#8217;da hem Fransa hem de Avrupa \u015fampiyonluklar\u0131n\u0131 kazand\u0131. Yetene\u011fi o kadar kristalize ki <strong>Jackie Stewart<\/strong> ona<strong>&#8216;yeni Jacky Ickx<\/strong>&#8216; diyor. 1980&#8217;de McLaren ile ilk F1 deneyimini ya\u015fayan Prost, hemen puan toplamaya ba\u015flad\u0131, ancak arac\u0131n rekabet\u00e7i olmamas\u0131, 1981&#8217;de geldi\u011fi <strong>Renault<\/strong> &#8216;dan gelen teklifi kabul etmesine neden oldu. Kutsama y\u0131l\u0131yd\u0131 ve kendisine<strong>&#8216;K\u00fc\u00e7\u00fck Napolyon<\/strong>&#8216; lakab\u0131n\u0131 kazand\u0131ran ilk kariyer ba\u015far\u0131s\u0131n\u0131 kazand\u0131. Sezon iki zafer ve final klasman\u0131nda be\u015fincilikle sona erdi. Prost 1982 ve 1983 y\u0131llar\u0131nda birinci s\u0131n\u0131f bir y\u0131ld\u0131z oldu\u011funu kan\u0131tlad\u0131 ve yine Renault ile toplam alt\u0131 Grand Prix kazanarak d\u00fcnya \u015fampiyonas\u0131nda s\u0131ras\u0131yla d\u00f6rd\u00fcnc\u00fc ve ikinci oldu.<\/p>\n<h2><strong><img loading=\"lazy\" decoding=\"async\" class=\"aligncenter size-large wp-image-144137\" src=\"https:\/\/rtrsports.com\/wp-content\/uploads\/2024\/07\/2023-11-06-10.42.37.jpg\" alt=\"Alain Prost\" width=\"600\" height=\"383\" \/><\/strong><\/h2>\n<h2><strong>McLaren&#8217;daki b\u00fcy\u00fck \u00e7\u0131k\u0131\u015f ve Lauda ile ikilik. Prost 1985 ve 1986&#8217;da McLaren ile D\u00fcnya \u015eampiyonu<\/strong><\/h2>\n<p>1984 y\u0131l\u0131nda Prost <strong>McLaren<\/strong> &#8216;a geri d\u00f6nd\u00fc ve <a href=\"https:\/\/rtrsports.com\/tr\/blog\/niki-lauda-the-f1-and-beyond\/\"><strong>Niki Lauda<\/strong><\/a>. Avusturyal\u0131 \u015fampiyonlu\u011fu yar\u0131m puan farkla kazand\u0131. &#8217;85&#8217;te roller tersine d\u00f6nd\u00fc, Lauda&#8217;y\u0131 etkileyen say\u0131s\u0131z g\u00fcvenilirlik sorunu <strong>Prost&#8217;un ilk D\u00fcnya \u015eampiyonlu\u011funun<\/strong> yolunu a\u00e7t\u0131. Lauda&#8217;n\u0131n kendisinin de vurgulad\u0131\u011f\u0131 gibi, kar\u015f\u0131l\u0131kl\u0131 sayg\u0131ya dayanan bir ikilik: &#8216;O \u015fimdiye kadar tan\u0131d\u0131\u011f\u0131m en eksiksiz s\u00fcr\u00fcc\u00fc&#8217;. Sonraki sezonlarda Prost 1986&#8217;da \u015fampiyonlu\u011funu teyit etti ve 1987&#8217;de d\u00f6rd\u00fcnc\u00fc oldu.<\/p>\n<h2><strong>Senna ile efsanevi rekabet. Prost 1989&#8217;da McLaren ile D\u00fcnya \u015eampiyonu <\/strong><\/h2>\n<p><strong>McLaren<\/strong> 1988 y\u0131l\u0131nda <strong>Ayrton Senna<\/strong>&#8216;y\u0131 i\u015fe ald\u0131\u011f\u0131nda, F1 tarihinin en tutkulu rekabetlerinden biri ba\u015flad\u0131. Her ikisi de di\u015flerinin aras\u0131nda b\u0131\u00e7akla kar\u015f\u0131la\u015fan iki \u015fampiyon, <strong>stil ve yar\u0131\u015flara yakla\u015f\u0131m a\u00e7\u0131s\u0131ndan birbirlerine z\u0131t<\/strong> kutuplarda yer al\u0131yor. \u0130lk tur, 1988&#8217;de F1 D\u00fcnya \u015eampiyonlu\u011funu kazanan Senna&#8217;ya gitti. Direksiyonun iki y\u0131ld\u0131z\u0131 aras\u0131ndaki d\u00fcello, <strong>1989 Japonya GP<\/strong>&#8216;sinde kas\u0131tl\u0131 temas\u0131n \u015fampiyonlu\u011fu Prost&#8217;a vermesiyle doru\u011fa ula\u015ft\u0131. \u00d6fkeli tart\u0131\u015fmalara ra\u011fmen Senna \u015fu itirafta bulundu: &#8216;Elimizden gelenin en iyisini yapmak i\u00e7in birbirimizi zorluyorduk. Ayn\u0131 y\u0131l Prost ortam de\u011fi\u015fikli\u011fi yapmaya karar verdi ve <strong>Woking<\/strong> ah\u0131r\u0131ndan ayr\u0131ld\u0131.<\/p>\n<h2><strong><img loading=\"lazy\" decoding=\"async\" class=\"aligncenter size-large wp-image-144155\" src=\"https:\/\/rtrsports.com\/wp-content\/uploads\/2024\/08\/2023-11-06-10.42.32-600x400.jpg\" alt=\"Alain Prost\" width=\"600\" height=\"400\" \/><\/strong><\/h2>\n<h2><strong>Ferrari deneyimi ve tart\u0131\u015fmal\u0131 i\u015ften \u00e7\u0131karma<\/strong><\/h2>\n<p>1990&#8217;da Prost Ferrari&#8217;nin meydan okumas\u0131n\u0131 kabul etti ve y\u0131ld\u0131z \u00e7ift <strong>Mansell &#8211; Prost<\/strong> olu\u015ftu. Alain be\u015f yar\u0131\u015f kazanmay\u0131 ve \u015fampiyonay\u0131 ikinci s\u0131rada bitirmeyi ba\u015fard\u0131 ancak Maranello tak\u0131m\u0131yla ili\u015fkisi sonu\u00e7lar\u0131n g\u00f6sterdi\u011finden daha az sa\u011flamd\u0131. Zirveye 1991 y\u0131l\u0131n\u0131n sonunda, d\u00fc\u015f\u00fck performansl\u0131 bir arac\u0131n direksiyonundaki Prost&#8217;un, <strong>Maranello&#8217;nun k\u0131rm\u0131z\u0131 arac\u0131n\u0131 bir kamyona benzetti\u011fi bir a\u00e7\u0131klama nedeniyle Ferrari<\/strong>&#8216;den kovulmas\u0131yla ula\u015f\u0131ld\u0131 ve o zamanki <strong>DS Cesare Fiorio<\/strong> taraf\u0131ndan ka\u00e7\u0131n\u0131lmaz bir \u015fekilde g\u00f6revden al\u0131nd\u0131. Prost, kariyerinin zirvesinde olmas\u0131na ra\u011fmen kendini F1&#8217;in d\u0131\u015f\u0131nda buldu. 1992&#8217;de Ligier F1 testleri ve TF1 i\u00e7in TV yorumculu\u011fu aras\u0131nda ge\u00e7irdi\u011fi bir y\u0131ll\u0131k <strong>izne<\/strong> mal oldu.<\/p>\n<h2><strong><img loading=\"lazy\" decoding=\"async\" class=\"aligncenter size-large wp-image-144146\" src=\"https:\/\/rtrsports.com\/wp-content\/uploads\/2024\/08\/2023-11-06-10.42.28-600x400.jpg\" alt=\"Alain Prost\" width=\"600\" height=\"400\" \/><\/strong><\/h2>\n<h2><strong>Prost 1993 y\u0131l\u0131nda Williams ile D\u00fcnya \u015eampiyonu<\/strong><\/h2>\n<p>Bu aradan sonra <strong>1993<\/strong> y\u0131l\u0131nda ger\u00e7ek tutkusuna geri d\u00f6nerek <strong>Williams ile d\u00f6rd\u00fcnc\u00fc d\u00fcnya \u015fampiyon<\/strong> lu\u011funu kazand\u0131 ve Formula 1 pilotlu\u011fundan kal\u0131c\u0131 olarak emekli oldu.<\/p>\n<h2><strong>Hatas\u0131z kay\u0131t ve s\u00fcr\u00fc\u015f tarz\u0131<\/strong><\/h2>\n<p>Prost iki farkl\u0131 tak\u0131mla 51 zafer, 106 podyum ve d\u00f6rt d\u00fcnya \u015fampiyonlu\u011fu ile bir\u00e7ok rekoru elinde bulunduruyor. <strong>Virajlar aras\u0131ndaki ak\u0131c\u0131 ve etkili<\/strong> stili ona <strong>&#8216;Profes\u00f6r&#8217;<\/strong> lakab\u0131n\u0131 kazand\u0131rd\u0131. Yetenek ve do\u011fa\u00e7lama i\u00e7in hala \u00e7ok fazla alan\u0131n oldu\u011fu bir zamanda, her yar\u0131\u015ftan \u00f6nce kurulumlar\u0131, lastikleri ve y\u00f6r\u00fcngeleri derinlemesine inceledi. Belki de daha yetenekli ve i\u00e7g\u00fcd\u00fcsel olan Senna kalbiyle s\u00fcrerken, hatalar\u0131 en aza indirdi. McLaren&#8217;in patronu <strong>Ron Dennis<\/strong> \u015funlar\u0131 s\u00f6yledi: &#8216;Onlar\u0131n yetenek kombinasyonu bizi yenilmez yapt\u0131.<\/p>\n<h2><strong>Prost Grand Prix ah\u0131r\u0131n\u0131n kumar\u0131<\/strong><\/h2>\n<p>Pilotluktan tak\u0131m menajerli\u011fine ge\u00e7i\u015f k\u0131sa s\u00fcrd\u00fc ve Prost yeni bir maceraya at\u0131lmaya karar verdi. 1997&#8217;de F1&#8217;e ilk kez \u00e7\u0131kan Prost <strong>Grand Prix<\/strong>&#8216;yi yaratt\u0131 ve hemen ad\u0131n\u0131 de\u011fi\u015ftirdi\u011fi Ligier&#8217;i devrald\u0131. Y\u0131ll\u0131k b\u00fct\u00e7esi yakla\u015f\u0131k 100 milyon olan iddial\u0131 bir proje. Birka\u00e7 podyuma ve <strong>Truli, Panis, Alesi ve Heidfeld<\/strong> gibi yetenekli s\u00fcr\u00fcc\u00fclere ra\u011fmen, zaferler eksikti. Prost 2001 y\u0131l\u0131nda tak\u0131m\u0131 satmak zorunda kald\u0131 ama pi\u015fmanl\u0131k duymad\u0131: &#8216;Harika bir giri\u015fimcilik maceras\u0131yd\u0131.<\/p>\n<h2><strong><img loading=\"lazy\" decoding=\"async\" class=\"aligncenter size-large wp-image-144164\" src=\"https:\/\/rtrsports.com\/wp-content\/uploads\/2024\/08\/2023-11-06-10.42.43-600x400.jpg\" alt=\"Alain Prost\" width=\"600\" height=\"400\" \/><\/strong><\/h2>\n<h2><strong>Buz yar\u0131\u015flar\u0131 aras\u0131<\/strong><\/h2>\n<p>Prost, Formula 1&#8217;in yan\u0131 s\u0131ra, tutkular\u0131ndan biri<strong> buz yar\u0131\u015flar\u0131<\/strong> olan s\u00fcr\u00fc\u015f\u00fc her zaman sevmi\u015ftir. Yol tutu\u015fu olmayan pistlerde g\u00fc\u00e7l\u00fc yar\u0131\u015f arabalar\u0131na h\u00fckmetmek onun i\u00e7in yeni bir s\u0131navd\u0131.<\/p>\n<p>Daha sonra 2003 y\u0131l\u0131nda <strong>Andros Trophy<\/strong> \u015fampiyonas\u0131na kat\u0131ld\u0131 ve Yvan Muller&#8217;in ard\u0131ndan ikinci, ertesi y\u0131l \u00fc\u00e7\u00fcnc\u00fc ve 2005 y\u0131l\u0131nda tekrar ikinci oldu. 2006&#8217;da Prost yine son klasmanda podyumun en alt basama\u011f\u0131nda yer ald\u0131 ve <strong>nihayet 2007&#8217;de Alain serinin \u015fampiyonu oldu<\/strong> ve <strong>2008<\/strong> &#8216;de bu ba\u015far\u0131s\u0131n\u0131 tekrarlad\u0131. Takip eden 2009, 2010 ve 2011 y\u0131llar\u0131ndaki bir dizi ikincili\u011fin ard\u0131ndan 2012&#8217;de kategoriyi \u00fc\u00e7\u00fcnc\u00fc kez kazand\u0131.<\/p>\n<p>Uyum sa\u011flama yetene\u011fi ve ak\u0131c\u0131 s\u00fcr\u00fc\u015f\u00fc, \u015fampiyonlara \u00f6zg\u00fc s\u00fcr\u00fc\u015f hassasiyeti sayesinde d\u00fc\u015f\u00fck tutu\u015f ko\u015fullar\u0131nda bile ba\u015far\u0131l\u0131 olmas\u0131n\u0131 sa\u011flad\u0131. Prost i\u00e7in bu sapma ilgi \u00e7ekici bir meydan okumay\u0131 temsil ediyordu, ba\u011flam tek koltuklu ara\u00e7lardan son derece farkl\u0131yd\u0131 ama orada yeni uyaranlar buldu. Formula 1 sirkinin d\u0131\u015f\u0131nda bile bir s\u00fcr\u00fcc\u00fc olarak \u00e7ok y\u00f6nl\u00fcl\u00fc\u011f\u00fcn\u00fcn bir ba\u015fka g\u00f6stergesi.<\/p>\n<h2><strong>Prost&#8217;un F1&#8217;deki teknolojik geli\u015fime katk\u0131s\u0131<\/strong><\/h2>\n<p>Bir s\u00fcr\u00fcc\u00fc olarak yetene\u011finin yan\u0131 s\u0131ra, Prost&#8217;un genellikle g\u00f6z ard\u0131 edilen bir y\u00f6n\u00fc de <strong>F1&#8217;deki teknolojik yeniliklere yapt\u0131\u011f\u0131 katk\u0131d\u0131r<\/strong>. En ba\u015f\u0131ndan beri, bilimsel zihniyeti sayesinde, otomobilleri ve stratejileri geli\u015ftirmek i\u00e7in m\u00fchendislerle aktif olarak i\u015fbirli\u011fi yapt\u0131. Kesin geri bildirim verme yetene\u011fi, <strong>elektronik<\/strong> ve <strong>aerodinamik<\/strong> gibi o d\u00f6nem i\u00e7in devrim niteli\u011findeki \u00e7\u00f6z\u00fcmleri geli\u015ftirmesini sa\u011flad\u0131. Prost, a\u011f\u0131rl\u0131k dengesinden yak\u0131t t\u00fcketimine kadar her ayr\u0131nt\u0131ya dikkat etmenin \u00f6nemini anlam\u0131\u015ft\u0131. McLaren&#8217;in 1980&#8217;lere h\u00fckmetmesini sa\u011flayan m\u00fckemmeliyet\u00e7ilik. Ferrari&#8217;de bile, 1990&#8217;da son \u015fampiyona s\u0131ralamas\u0131nda ikinci s\u0131rada yer almas\u0131n\u0131 sa\u011flayan otomobilin geli\u015ftirilmesinde belirleyici katk\u0131larda bulundu.<\/p>\n<h2><strong>Medya ile karma\u015f\u0131k ili\u015fki<\/strong><\/h2>\n<p>Tart\u0131\u015fmas\u0131z yetene\u011fine ra\u011fmen Prost&#8217;un bas\u0131nla s\u0131k s\u0131k tart\u0131\u015fmal\u0131 bir ili\u015fkisi oldu. So\u011fukkanl\u0131l\u0131\u011f\u0131 ve rasyonelli\u011fi, tutkulu bir \u015fampiyonun beklentileriyle uyu\u015fmuyordu. \u00d6zellikle de Senna&#8217;n\u0131n i\u00e7g\u00fcd\u00fcselli\u011fine k\u0131yasla. Ancak zamanla karakterin derinli\u011fi ortaya \u00e7\u0131kt\u0131. Prost, somutlu\u011fu abart\u0131l\u0131 a\u00e7\u0131klamalar\u0131n \u00f6n\u00fcne koymu\u015ftur. Kelimelere de\u011fil, \u00f6zenli \u00e7al\u0131\u015fmaya inan\u0131rd\u0131. Frans\u0131z stereotipine uyan bir profil: zeki, metodik, do\u011fa\u00e7lamaya \u00e7ok az e\u011filimli. Bazen yanl\u0131\u015f anla\u015f\u0131lan bir yakla\u015f\u0131m \u00e7e\u015fitlili\u011fi.<\/p>\n<h2><strong>\u00d6zel hayat ve tutkular<\/strong><\/h2>\n<p>\u0130ki kez evlenen ve d\u00f6rt \u00e7ocuk babas\u0131 olan <strong>Prost, \u00f6zel hayat\u0131n\u0131 her zaman spot \u0131\u015f\u0131klar\u0131ndan korumu\u015ftur<\/strong>. Tenis, kayak ve yelkencili\u011fe tutkuyla ba\u011fl\u0131yd\u0131 ve emekli olduktan sonra bu tutkular\u0131n\u0131 pistlerden uzakta geli\u015ftirdi.<\/p>\n<p>S\u00fcr\u00fcc\u00fc oldu\u011fu d\u00f6nemde bir playboy olarak \u00fcnlenmesine ra\u011fmen, yar\u0131\u015f pistinden uzakta, dedikodu ve sosyalle\u015fmeden uzakta, kendisini her \u015feyden \u00f6nce ailesine adam\u0131\u015ft\u0131r. <strong>&#8216;Ben bir aile babas\u0131y\u0131m, bu her t\u00fcrl\u00fc zaferden daha \u00f6nemlidir<\/strong>&#8216; s\u00f6zlerinde parlayan bir sa\u011fduyu se\u00e7imi.<\/p>\n<h2><strong>Sonu\u00e7lar<\/strong><\/h2>\n<p>Alain Prost sadece d\u00f6rt D\u00fcnya \u015eampiyonlu\u011fu ile de\u011fil, ayn\u0131 zamanda <strong>otomobil ve yar\u0131\u015f haz\u0131rl\u0131\u011f\u0131ndaki titizli\u011fi<\/strong> ve s\u00fcr\u00fc\u015fe bilimsel yakla\u015f\u0131m\u0131yla da tarihe ge\u00e7ecektir. Bu \u00f6l\u00e7\u00fcl\u00fc yakla\u015f\u0131ma ra\u011fmen, <strong>Lauda, Mansell<\/strong> ve <strong>Senna<\/strong> gibi rakipleriyle sonuna kadar m\u00fccadele ederken her zaman elinden gelenin en iyisini yapacak g\u00fcc\u00fc bulan bir karakter. Belki de &#8216;Profes\u00f6r&#8217; lakab\u0131yla pek uyu\u015fmayan bir ruh g\u00fcc\u00fc ve \u015fiddetli bir rekabet\u00e7ilik.<\/p>\n<p>Sonu\u00e7 olarak,<strong> Prost&#8217;un kariyeri hem sportif ba\u015far\u0131lar\u0131 hem de yenilik\u00e7i yakla\u015f\u0131m\u0131 a\u00e7\u0131s\u0131ndan ola\u011fan\u00fcst\u00fcd\u00fcr<\/strong>. Onun miras\u0131 rakamlar\u0131n \u00f6tesine ge\u00e7mektedir: O, b\u00fcy\u00fck bir teknik beceri, ak\u0131lc\u0131l\u0131k ve \u00f6ng\u00f6r\u00fc modelidir. Pistte kazanabilen ve F1 d\u0131\u015f\u0131nda kendini ba\u015far\u0131l\u0131 bir \u015fekilde yeniden ke\u015ffedebilen bir \u015fampiyon.<\/p>\n","protected":false},"excerpt":{"rendered":"<p>Formula 1 tarihinin en b\u00fcy\u00fck pilotlar\u0131ndan biri olarak kabul edilen Alain Prost, d\u00f6rt d\u00fcnya \u015fampiyonlu\u011fu ile 1980&#8217;ler ve 1990&#8217;lardaki en heyecan verici rekabetlerden baz\u0131lar\u0131n\u0131n ba\u015f kahraman\u0131yd\u0131. Lauda, Mansell ve Senna yar\u0131\u015flar\u0131n en heyecanl\u0131 sayfalar\u0131ndan baz\u0131lar\u0131n\u0131 yazd\u0131. K\u00fc\u00e7\u00fck form\u00fcllerdeki ba\u015flang\u0131\u00e7lar 1955 y\u0131l\u0131nda Fransa \u201cda do\u011fan Prost, kariyerine 14 ya\u015f\u0131nda kartlarla ba\u015flad\u0131. 1973 y\u0131l\u0131nda hem Fransa Gen\u00e7ler [&hellip;]<\/p>\n","protected":false},"author":14,"featured_media":196208,"comment_status":"open","ping_status":"open","sticky":false,"template":"","format":"standard","meta":{"_acf_changed":false,"footnotes":""},"categories":[20201,20202],"tags":[],"class_list":["post-241978","post","type-post","status-publish","format-standard","has-post-thumbnail","hentry","category-formula-1-tr","category-formula1-tr"],"acf":[],"contentshake_article_id":"","yoast_head":"<!-- This site is optimized with the Yoast SEO Premium plugin v26.8 (Yoast SEO v27.4) - https:\/\/yoast.com\/product\/yoast-seo-premium-wordpress\/ -->\n<title>Alain Prost, Formula 1&#039;in &#039;Profes\u00f6r\u00fc&#039;<\/title>\n<meta name=\"description\" content=\"Alain Prost sadece d\u00f6rt D\u00fcnya \u015eampiyonlu\u011fu ile de\u011fil, ayn\u0131 zamanda otomobil ve yar\u0131\u015f haz\u0131rl\u0131\u011f\u0131ndaki titizli\u011fi ile de tarihe ge\u00e7ecektir.\" \/>\n<meta name=\"robots\" content=\"index, follow, max-snippet:-1, max-image-preview:large, max-video-preview:-1\" \/>\n<link rel=\"canonical\" href=\"https:\/\/rtrsports.com\/tr\/blog\/alain-prost-the-professor-of-formula-1\/\" \/>\n<meta property=\"og:locale\" content=\"tr_TR\" \/>\n<meta property=\"og:type\" content=\"article\" \/>\n<meta property=\"og:title\" content=\"Alain Prost, Formula 1&#039;in &#039;Profes\u00f6r\u00fc&#039;\" \/>\n<meta property=\"og:description\" content=\"Alain Prost sadece d\u00f6rt D\u00fcnya \u015eampiyonlu\u011fu ile de\u011fil, ayn\u0131 zamanda otomobil ve yar\u0131\u015f haz\u0131rl\u0131\u011f\u0131ndaki titizli\u011fi ile de tarihe ge\u00e7ecektir.\" \/>\n<meta property=\"og:url\" content=\"https:\/\/rtrsports.com\/tr\/blog\/alain-prost-the-professor-of-formula-1\/\" \/>\n<meta property=\"og:site_name\" content=\"RTR Sports\" \/>\n<meta property=\"article:publisher\" content=\"https:\/\/www.facebook.com\/RTRSportsMarketing\/\" \/>\n<meta property=\"og:image\" content=\"https:\/\/rtrsports.com\/wp-content\/uploads\/2024\/07\/2023-11-06-10.42.37.jpg\" \/>\n\t<meta property=\"og:image:width\" content=\"1000\" \/>\n\t<meta property=\"og:image:height\" content=\"639\" \/>\n\t<meta property=\"og:image:type\" content=\"image\/jpeg\" \/>\n<meta name=\"author\" content=\"Riccardo Taf\u00e0\" \/>\n<meta name=\"twitter:card\" content=\"summary_large_image\" \/>\n<meta name=\"twitter:creator\" content=\"@rtrsports\" \/>\n<meta name=\"twitter:site\" content=\"@rtrsports\" \/>\n<meta name=\"twitter:label1\" content=\"Yazan:\" \/>\n\t<meta name=\"twitter:data1\" content=\"Riccardo Taf\u00e0\" \/>\n\t<meta name=\"twitter:label2\" content=\"Tahmini okuma s\u00fcresi\" \/>\n\t<meta name=\"twitter:data2\" content=\"7 dakika\" \/>\n<script type=\"application\/ld+json\" class=\"yoast-schema-graph\">{\"@context\":\"https:\\\/\\\/schema.org\",\"@graph\":[{\"@type\":\"Article\",\"@id\":\"https:\\\/\\\/rtrsports.com\\\/tr\\\/blog\\\/alain-prost-the-professor-of-formula-1\\\/#article\",\"isPartOf\":{\"@id\":\"https:\\\/\\\/rtrsports.com\\\/tr\\\/blog\\\/alain-prost-the-professor-of-formula-1\\\/\"},\"author\":{\"name\":\"Riccardo Taf\u00e0\",\"@id\":\"https:\\\/\\\/rtrsports.com\\\/tr\\\/#\\\/schema\\\/person\\\/7ca2648b3d857cbfff8c499aaed0420e\"},\"headline\":\"Alain Prost, Formula 1&#8217;in &#8216;Profes\u00f6r\u00fc&#8217;\",\"datePublished\":\"2023-12-28T07:31:16+00:00\",\"dateModified\":\"2025-07-25T20:36:41+00:00\",\"mainEntityOfPage\":{\"@id\":\"https:\\\/\\\/rtrsports.com\\\/tr\\\/blog\\\/alain-prost-the-professor-of-formula-1\\\/\"},\"wordCount\":1555,\"commentCount\":0,\"publisher\":{\"@id\":\"https:\\\/\\\/rtrsports.com\\\/tr\\\/#organization\"},\"image\":{\"@id\":\"https:\\\/\\\/rtrsports.com\\\/tr\\\/blog\\\/alain-prost-the-professor-of-formula-1\\\/#primaryimage\"},\"thumbnailUrl\":\"https:\\\/\\\/rtrsports.com\\\/wp-content\\\/uploads\\\/2024\\\/07\\\/2023-11-06-10.42.37.jpg\",\"articleSection\":[\"Formula 1\",\"Formula1\"],\"inLanguage\":\"tr\",\"potentialAction\":[{\"@type\":\"CommentAction\",\"name\":\"Comment\",\"target\":[\"https:\\\/\\\/rtrsports.com\\\/tr\\\/blog\\\/alain-prost-the-professor-of-formula-1\\\/#respond\"]}]},{\"@type\":\"WebPage\",\"@id\":\"https:\\\/\\\/rtrsports.com\\\/tr\\\/blog\\\/alain-prost-the-professor-of-formula-1\\\/\",\"url\":\"https:\\\/\\\/rtrsports.com\\\/tr\\\/blog\\\/alain-prost-the-professor-of-formula-1\\\/\",\"name\":\"Alain Prost, Formula 1'in 'Profes\u00f6r\u00fc'\",\"isPartOf\":{\"@id\":\"https:\\\/\\\/rtrsports.com\\\/tr\\\/#website\"},\"primaryImageOfPage\":{\"@id\":\"https:\\\/\\\/rtrsports.com\\\/tr\\\/blog\\\/alain-prost-the-professor-of-formula-1\\\/#primaryimage\"},\"image\":{\"@id\":\"https:\\\/\\\/rtrsports.com\\\/tr\\\/blog\\\/alain-prost-the-professor-of-formula-1\\\/#primaryimage\"},\"thumbnailUrl\":\"https:\\\/\\\/rtrsports.com\\\/wp-content\\\/uploads\\\/2024\\\/07\\\/2023-11-06-10.42.37.jpg\",\"datePublished\":\"2023-12-28T07:31:16+00:00\",\"dateModified\":\"2025-07-25T20:36:41+00:00\",\"description\":\"Alain Prost sadece d\u00f6rt D\u00fcnya \u015eampiyonlu\u011fu ile de\u011fil, ayn\u0131 zamanda otomobil ve yar\u0131\u015f haz\u0131rl\u0131\u011f\u0131ndaki titizli\u011fi ile de tarihe ge\u00e7ecektir.\",\"breadcrumb\":{\"@id\":\"https:\\\/\\\/rtrsports.com\\\/tr\\\/blog\\\/alain-prost-the-professor-of-formula-1\\\/#breadcrumb\"},\"inLanguage\":\"tr\",\"potentialAction\":[{\"@type\":\"ReadAction\",\"target\":[\"https:\\\/\\\/rtrsports.com\\\/tr\\\/blog\\\/alain-prost-the-professor-of-formula-1\\\/\"]}]},{\"@type\":\"ImageObject\",\"inLanguage\":\"tr\",\"@id\":\"https:\\\/\\\/rtrsports.com\\\/tr\\\/blog\\\/alain-prost-the-professor-of-formula-1\\\/#primaryimage\",\"url\":\"https:\\\/\\\/rtrsports.com\\\/wp-content\\\/uploads\\\/2024\\\/07\\\/2023-11-06-10.42.37.jpg\",\"contentUrl\":\"https:\\\/\\\/rtrsports.com\\\/wp-content\\\/uploads\\\/2024\\\/07\\\/2023-11-06-10.42.37.jpg\",\"width\":1000,\"height\":639,\"caption\":\"Alain Prost F1 \u015eampiyonu\"},{\"@type\":\"BreadcrumbList\",\"@id\":\"https:\\\/\\\/rtrsports.com\\\/tr\\\/blog\\\/alain-prost-the-professor-of-formula-1\\\/#breadcrumb\",\"itemListElement\":[{\"@type\":\"ListItem\",\"position\":1,\"name\":\"Home\",\"item\":\"https:\\\/\\\/rtrsports.com\\\/tr\\\/\"},{\"@type\":\"ListItem\",\"position\":2,\"name\":\"Alain Prost, Formula 1&#8217;in &#8216;Profes\u00f6r\u00fc&#8217;\"}]},{\"@type\":\"WebSite\",\"@id\":\"https:\\\/\\\/rtrsports.com\\\/tr\\\/#website\",\"url\":\"https:\\\/\\\/rtrsports.com\\\/tr\\\/\",\"name\":\"RTR Sports Marketing\",\"description\":\"RTR Sports Marketing is a global motorsport sponsorship agency and consultancy, specialized in Formula 1 and MotoGP, and active across all major international racing series including Formula E, NASCAR, WEC, WRC and Dakar, helping brands build data-driven, high-performance sponsorship programs.\",\"publisher\":{\"@id\":\"https:\\\/\\\/rtrsports.com\\\/tr\\\/#organization\"},\"alternateName\":\"RTR Sports\",\"potentialAction\":[{\"@type\":\"SearchAction\",\"target\":{\"@type\":\"EntryPoint\",\"urlTemplate\":\"https:\\\/\\\/rtrsports.com\\\/tr\\\/?s={search_term_string}\"},\"query-input\":{\"@type\":\"PropertyValueSpecification\",\"valueRequired\":true,\"valueName\":\"search_term_string\"}}],\"inLanguage\":\"tr\"},{\"@type\":\"Organization\",\"@id\":\"https:\\\/\\\/rtrsports.com\\\/tr\\\/#organization\",\"name\":\"RTR Sports Marketing\",\"alternateName\":\"RTR sports\",\"url\":\"https:\\\/\\\/rtrsports.com\\\/tr\\\/\",\"logo\":{\"@type\":\"ImageObject\",\"inLanguage\":\"tr\",\"@id\":\"https:\\\/\\\/rtrsports.com\\\/tr\\\/#\\\/schema\\\/logo\\\/image\\\/\",\"url\":\"https:\\\/\\\/rtrsports.com\\\/wp-content\\\/uploads\\\/2024\\\/01\\\/rtrsports-anniversary-1.jpg\",\"contentUrl\":\"https:\\\/\\\/rtrsports.com\\\/wp-content\\\/uploads\\\/2024\\\/01\\\/rtrsports-anniversary-1.jpg\",\"width\":946,\"height\":260,\"caption\":\"RTR Sports Marketing\"},\"image\":{\"@id\":\"https:\\\/\\\/rtrsports.com\\\/tr\\\/#\\\/schema\\\/logo\\\/image\\\/\"},\"sameAs\":[\"https:\\\/\\\/www.facebook.com\\\/RTRSportsMarketing\\\/\",\"https:\\\/\\\/x.com\\\/rtrsports\",\"https:\\\/\\\/www.linkedin.com\\\/company\\\/rtr-sports-marketing\\\/\"],\"description\":\"RTR Sports Marketing is a global motorsport sponsorship agency and consultancy, specialized in Formula 1 and MotoGP, and active across all major international racing series including Formula E, NASCAR, WEC, WRC and Dakar, helping brands build data-driven, high-performance sponsorship programs.\",\"email\":\"info@rtrsports.com\",\"legalName\":\"RTR Sports Marketing LTD\",\"numberOfEmployees\":{\"@type\":\"QuantitativeValue\",\"minValue\":\"1\",\"maxValue\":\"10\"}},{\"@type\":\"Person\",\"@id\":\"https:\\\/\\\/rtrsports.com\\\/tr\\\/#\\\/schema\\\/person\\\/7ca2648b3d857cbfff8c499aaed0420e\",\"name\":\"Riccardo Taf\u00e0\",\"image\":{\"@type\":\"ImageObject\",\"inLanguage\":\"tr\",\"@id\":\"https:\\\/\\\/secure.gravatar.com\\\/avatar\\\/0e03f35d1883656b70508e45dddcbdf581004a3a428fe432d9559b9bbffe803c?s=96&d=mm&r=g\",\"url\":\"https:\\\/\\\/secure.gravatar.com\\\/avatar\\\/0e03f35d1883656b70508e45dddcbdf581004a3a428fe432d9559b9bbffe803c?s=96&d=mm&r=g\",\"contentUrl\":\"https:\\\/\\\/secure.gravatar.com\\\/avatar\\\/0e03f35d1883656b70508e45dddcbdf581004a3a428fe432d9559b9bbffe803c?s=96&d=mm&r=g\",\"caption\":\"Riccardo Taf\u00e0\"},\"description\":\"Managing Director for RTR Sports, Riccardo graduated in law at the University of Bologna. He began his career in London in PR, then started working in two and four-wheelers. A brief move to Monaco followed before returning to Italy. There he founded RTR, first a consulting firm and then a sports marketing company which, eventually, he moved back to London.\",\"sameAs\":[\"https:\\\/\\\/stg-rtrsportscom-rtrstaging.kinsta.cloud\"],\"url\":\"https:\\\/\\\/rtrsports.com\\\/tr\\\/author\\\/riccardo\\\/\"}]}<\/script>\n<!-- \/ Yoast SEO Premium plugin. -->","yoast_head_json":{"title":"Alain Prost, Formula 1'in 'Profes\u00f6r\u00fc'","description":"Alain Prost sadece d\u00f6rt D\u00fcnya \u015eampiyonlu\u011fu ile de\u011fil, ayn\u0131 zamanda otomobil ve yar\u0131\u015f haz\u0131rl\u0131\u011f\u0131ndaki titizli\u011fi ile de tarihe ge\u00e7ecektir.","robots":{"index":"index","follow":"follow","max-snippet":"max-snippet:-1","max-image-preview":"max-image-preview:large","max-video-preview":"max-video-preview:-1"},"canonical":"https:\/\/rtrsports.com\/tr\/blog\/alain-prost-the-professor-of-formula-1\/","og_locale":"tr_TR","og_type":"article","og_title":"Alain Prost, Formula 1'in 'Profes\u00f6r\u00fc'","og_description":"Alain Prost sadece d\u00f6rt D\u00fcnya \u015eampiyonlu\u011fu ile de\u011fil, ayn\u0131 zamanda otomobil ve yar\u0131\u015f haz\u0131rl\u0131\u011f\u0131ndaki titizli\u011fi ile de tarihe ge\u00e7ecektir.","og_url":"https:\/\/rtrsports.com\/tr\/blog\/alain-prost-the-professor-of-formula-1\/","og_site_name":"RTR Sports","article_publisher":"https:\/\/www.facebook.com\/RTRSportsMarketing\/","og_image":[{"width":1000,"height":639,"url":"https:\/\/rtrsports.com\/wp-content\/uploads\/2024\/07\/2023-11-06-10.42.37.jpg","type":"image\/jpeg"}],"author":"Riccardo Taf\u00e0","twitter_card":"summary_large_image","twitter_creator":"@rtrsports","twitter_site":"@rtrsports","twitter_misc":{"Yazan:":"Riccardo Taf\u00e0","Tahmini okuma s\u00fcresi":"7 dakika"},"schema":{"@context":"https:\/\/schema.org","@graph":[{"@type":"Article","@id":"https:\/\/rtrsports.com\/tr\/blog\/alain-prost-the-professor-of-formula-1\/#article","isPartOf":{"@id":"https:\/\/rtrsports.com\/tr\/blog\/alain-prost-the-professor-of-formula-1\/"},"author":{"name":"Riccardo Taf\u00e0","@id":"https:\/\/rtrsports.com\/tr\/#\/schema\/person\/7ca2648b3d857cbfff8c499aaed0420e"},"headline":"Alain Prost, Formula 1&#8217;in &#8216;Profes\u00f6r\u00fc&#8217;","datePublished":"2023-12-28T07:31:16+00:00","dateModified":"2025-07-25T20:36:41+00:00","mainEntityOfPage":{"@id":"https:\/\/rtrsports.com\/tr\/blog\/alain-prost-the-professor-of-formula-1\/"},"wordCount":1555,"commentCount":0,"publisher":{"@id":"https:\/\/rtrsports.com\/tr\/#organization"},"image":{"@id":"https:\/\/rtrsports.com\/tr\/blog\/alain-prost-the-professor-of-formula-1\/#primaryimage"},"thumbnailUrl":"https:\/\/rtrsports.com\/wp-content\/uploads\/2024\/07\/2023-11-06-10.42.37.jpg","articleSection":["Formula 1","Formula1"],"inLanguage":"tr","potentialAction":[{"@type":"CommentAction","name":"Comment","target":["https:\/\/rtrsports.com\/tr\/blog\/alain-prost-the-professor-of-formula-1\/#respond"]}]},{"@type":"WebPage","@id":"https:\/\/rtrsports.com\/tr\/blog\/alain-prost-the-professor-of-formula-1\/","url":"https:\/\/rtrsports.com\/tr\/blog\/alain-prost-the-professor-of-formula-1\/","name":"Alain Prost, Formula 1'in 'Profes\u00f6r\u00fc'","isPartOf":{"@id":"https:\/\/rtrsports.com\/tr\/#website"},"primaryImageOfPage":{"@id":"https:\/\/rtrsports.com\/tr\/blog\/alain-prost-the-professor-of-formula-1\/#primaryimage"},"image":{"@id":"https:\/\/rtrsports.com\/tr\/blog\/alain-prost-the-professor-of-formula-1\/#primaryimage"},"thumbnailUrl":"https:\/\/rtrsports.com\/wp-content\/uploads\/2024\/07\/2023-11-06-10.42.37.jpg","datePublished":"2023-12-28T07:31:16+00:00","dateModified":"2025-07-25T20:36:41+00:00","description":"Alain Prost sadece d\u00f6rt D\u00fcnya \u015eampiyonlu\u011fu ile de\u011fil, ayn\u0131 zamanda otomobil ve yar\u0131\u015f haz\u0131rl\u0131\u011f\u0131ndaki titizli\u011fi ile de tarihe ge\u00e7ecektir.","breadcrumb":{"@id":"https:\/\/rtrsports.com\/tr\/blog\/alain-prost-the-professor-of-formula-1\/#breadcrumb"},"inLanguage":"tr","potentialAction":[{"@type":"ReadAction","target":["https:\/\/rtrsports.com\/tr\/blog\/alain-prost-the-professor-of-formula-1\/"]}]},{"@type":"ImageObject","inLanguage":"tr","@id":"https:\/\/rtrsports.com\/tr\/blog\/alain-prost-the-professor-of-formula-1\/#primaryimage","url":"https:\/\/rtrsports.com\/wp-content\/uploads\/2024\/07\/2023-11-06-10.42.37.jpg","contentUrl":"https:\/\/rtrsports.com\/wp-content\/uploads\/2024\/07\/2023-11-06-10.42.37.jpg","width":1000,"height":639,"caption":"Alain Prost F1 \u015eampiyonu"},{"@type":"BreadcrumbList","@id":"https:\/\/rtrsports.com\/tr\/blog\/alain-prost-the-professor-of-formula-1\/#breadcrumb","itemListElement":[{"@type":"ListItem","position":1,"name":"Home","item":"https:\/\/rtrsports.com\/tr\/"},{"@type":"ListItem","position":2,"name":"Alain Prost, Formula 1&#8217;in &#8216;Profes\u00f6r\u00fc&#8217;"}]},{"@type":"WebSite","@id":"https:\/\/rtrsports.com\/tr\/#website","url":"https:\/\/rtrsports.com\/tr\/","name":"RTR Sports Marketing","description":"RTR Sports Marketing is a global motorsport sponsorship agency and consultancy, specialized in Formula 1 and MotoGP, and active across all major international racing series including Formula E, NASCAR, WEC, WRC and Dakar, helping brands build data-driven, high-performance sponsorship programs.","publisher":{"@id":"https:\/\/rtrsports.com\/tr\/#organization"},"alternateName":"RTR Sports","potentialAction":[{"@type":"SearchAction","target":{"@type":"EntryPoint","urlTemplate":"https:\/\/rtrsports.com\/tr\/?s={search_term_string}"},"query-input":{"@type":"PropertyValueSpecification","valueRequired":true,"valueName":"search_term_string"}}],"inLanguage":"tr"},{"@type":"Organization","@id":"https:\/\/rtrsports.com\/tr\/#organization","name":"RTR Sports Marketing","alternateName":"RTR sports","url":"https:\/\/rtrsports.com\/tr\/","logo":{"@type":"ImageObject","inLanguage":"tr","@id":"https:\/\/rtrsports.com\/tr\/#\/schema\/logo\/image\/","url":"https:\/\/rtrsports.com\/wp-content\/uploads\/2024\/01\/rtrsports-anniversary-1.jpg","contentUrl":"https:\/\/rtrsports.com\/wp-content\/uploads\/2024\/01\/rtrsports-anniversary-1.jpg","width":946,"height":260,"caption":"RTR Sports Marketing"},"image":{"@id":"https:\/\/rtrsports.com\/tr\/#\/schema\/logo\/image\/"},"sameAs":["https:\/\/www.facebook.com\/RTRSportsMarketing\/","https:\/\/x.com\/rtrsports","https:\/\/www.linkedin.com\/company\/rtr-sports-marketing\/"],"description":"RTR Sports Marketing is a global motorsport sponsorship agency and consultancy, specialized in Formula 1 and MotoGP, and active across all major international racing series including Formula E, NASCAR, WEC, WRC and Dakar, helping brands build data-driven, high-performance sponsorship programs.","email":"info@rtrsports.com","legalName":"RTR Sports Marketing LTD","numberOfEmployees":{"@type":"QuantitativeValue","minValue":"1","maxValue":"10"}},{"@type":"Person","@id":"https:\/\/rtrsports.com\/tr\/#\/schema\/person\/7ca2648b3d857cbfff8c499aaed0420e","name":"Riccardo Taf\u00e0","image":{"@type":"ImageObject","inLanguage":"tr","@id":"https:\/\/secure.gravatar.com\/avatar\/0e03f35d1883656b70508e45dddcbdf581004a3a428fe432d9559b9bbffe803c?s=96&d=mm&r=g","url":"https:\/\/secure.gravatar.com\/avatar\/0e03f35d1883656b70508e45dddcbdf581004a3a428fe432d9559b9bbffe803c?s=96&d=mm&r=g","contentUrl":"https:\/\/secure.gravatar.com\/avatar\/0e03f35d1883656b70508e45dddcbdf581004a3a428fe432d9559b9bbffe803c?s=96&d=mm&r=g","caption":"Riccardo Taf\u00e0"},"description":"Managing Director for RTR Sports, Riccardo graduated in law at the University of Bologna. He began his career in London in PR, then started working in two and four-wheelers. A brief move to Monaco followed before returning to Italy. There he founded RTR, first a consulting firm and then a sports marketing company which, eventually, he moved back to London.","sameAs":["https:\/\/stg-rtrsportscom-rtrstaging.kinsta.cloud"],"url":"https:\/\/rtrsports.com\/tr\/author\/riccardo\/"}]}},"_links":{"self":[{"href":"https:\/\/rtrsports.com\/tr\/wp-json\/wp\/v2\/posts\/241978","targetHints":{"allow":["GET"]}}],"collection":[{"href":"https:\/\/rtrsports.com\/tr\/wp-json\/wp\/v2\/posts"}],"about":[{"href":"https:\/\/rtrsports.com\/tr\/wp-json\/wp\/v2\/types\/post"}],"author":[{"embeddable":true,"href":"https:\/\/rtrsports.com\/tr\/wp-json\/wp\/v2\/users\/14"}],"replies":[{"embeddable":true,"href":"https:\/\/rtrsports.com\/tr\/wp-json\/wp\/v2\/comments?post=241978"}],"version-history":[{"count":3,"href":"https:\/\/rtrsports.com\/tr\/wp-json\/wp\/v2\/posts\/241978\/revisions"}],"predecessor-version":[{"id":300268,"href":"https:\/\/rtrsports.com\/tr\/wp-json\/wp\/v2\/posts\/241978\/revisions\/300268"}],"wp:featuredmedia":[{"embeddable":true,"href":"https:\/\/rtrsports.com\/tr\/wp-json\/wp\/v2\/media\/196208"}],"wp:attachment":[{"href":"https:\/\/rtrsports.com\/tr\/wp-json\/wp\/v2\/media?parent=241978"}],"wp:term":[{"taxonomy":"category","embeddable":true,"href":"https:\/\/rtrsports.com\/tr\/wp-json\/wp\/v2\/categories?post=241978"},{"taxonomy":"post_tag","embeddable":true,"href":"https:\/\/rtrsports.com\/tr\/wp-json\/wp\/v2\/tags?post=241978"}],"curies":[{"name":"wp","href":"https:\/\/api.w.org\/{rel}","templated":true}]}}