{"id":242058,"date":"2023-12-28T10:52:55","date_gmt":"2023-12-28T09:52:55","guid":{"rendered":"https:\/\/rtrsports.com\/niki-lauda-the-f1-and-beyond\/"},"modified":"2025-07-25T22:29:25","modified_gmt":"2025-07-25T20:29:25","slug":"niki-lauda-the-f1-and-beyond","status":"publish","type":"post","link":"https:\/\/rtrsports.com\/tr\/blog\/niki-lauda-the-f1-and-beyond\/","title":{"rendered":"Niki Lauda, F1 ve \u00f6tesi"},"content":{"rendered":"<p class=\"ai-optimize-6 ai-optimize-introduction\"><strong>Niki Lauda<\/strong> \u00fc\u00e7 kez d\u00fcnya \u015fampiyonu oldu <a href=\"https:\/\/rtrsports.com\/sponsorizzazioni-formula-1\/\"><br \/>\n<strong>Formula 1 D\u00fcnya \u015eampiyonu<\/strong><br \/>\n<\/a>ba\u015far\u0131l\u0131 bir giri\u015fimci ve havac\u0131l\u0131k tutkunu. Lauda&#8217;n\u0131n hayat\u0131 her alanda b\u00fcy\u00fck ba\u015far\u0131lar, \u00e7alkant\u0131l\u0131 rekabetler ve inan\u0131lmaz deneyimlerle dolu. A\u015fa\u011f\u0131daki sat\u0131rlarda Lauda&#8217;n\u0131n Formula 1 kariyerini, \u00f6zel hayat\u0131n\u0131 ve pistte ge\u00e7irdi\u011fi zaman\u0131n \u00f6tesinde spora yapt\u0131\u011f\u0131 katk\u0131lar\u0131 inceleyerek dolu dolu bir hayat\u0131 \u00f6zetlemeye \u00e7al\u0131\u015faca\u011f\u0131z.<\/p>\n<h2 class=\"ai-optimize-7\"><strong>\u0130lk y\u0131llar <\/strong><\/h2>\n<p class=\"ai-optimize-8\"><strong>Niki Lauda<\/strong> 1949 y\u0131l\u0131nda <strong>Avusturya<\/strong> &#8216;n\u0131n<strong>Viyana<\/strong>kentinde do\u011fdu. Ailesi varl\u0131kl\u0131 bir aileydi ve babas\u0131 Ernst ba\u015far\u0131l\u0131 bir i\u015f adam\u0131yd\u0131. Ba\u015flang\u0131\u00e7ta ailesi Lauda&#8217;n\u0131n bankac\u0131l\u0131k alan\u0131nda \u00e7al\u0131\u015fmas\u0131n\u0131 istiyordu, ancak Niki&#8217;nin araba yar\u0131\u015flar\u0131na kar\u015f\u0131 bir tutkusu vard\u0131. Yar\u0131\u015f kariyerine 1968 y\u0131l\u0131nda <strong>March Engineering<\/strong> i\u00e7in <strong>Formula 3<\/strong> &#8216;te direksiyon sallayarak ba\u015flad\u0131 ve sadece \u00fc\u00e7 y\u0131l i\u00e7inde Formula 1&#8217;deki ilk yar\u0131\u015f\u0131na <strong>1971 Avusturya Grand Prix<\/strong>&#8216;sinde \u00e7\u0131kt\u0131. 1971 y\u0131l\u0131 <strong>Formula 2<\/strong>&#8216;ye adanm\u0131\u015f bir y\u0131ld\u0131 ve sezonun en \u00fcst kategorideki tek yar\u0131\u015f\u0131 olan F1&#8217;deki ilk yar\u0131\u015fla zenginle\u015fti.<\/p>\n<p class=\"ai-optimize-9\"><strong>1972<\/strong> y\u0131l\u0131nda Lauda, <strong>March<\/strong> tak\u0131m\u0131 i\u00e7in hem Avrupa Formula 2 hem de Formula <strong>1<\/strong> \u015fampiyonalar\u0131nda tam zamanl\u0131 olarak \u00e7al\u0131\u015fmaya ba\u015flad\u0131. O d\u00f6nemde s\u00fcr\u00fcc\u00fclerin birden fazla kategoride yar\u0131\u015fmas\u0131 al\u0131\u015f\u0131lmad\u0131k bir durum de\u011fildi, 1970&#8217;lerde 12 ayda 20&#8217;den fazla yar\u0131\u015f yap\u0131l\u0131yordu. Lauda&#8217;n\u0131n Formula 1&#8217;deki ilk sezonlar\u0131 zorlu ge\u00e7ti, Niki rekabet\u00e7i bir araba bulmakta zorland\u0131 ancak <strong>1974<\/strong> &#8216;te <strong>Scuderia Ferrari<\/strong> ile anla\u015ft\u0131 ve talihi dramatik bir \u015fekilde de\u011fi\u015fti.<\/p>\n<h2 class=\"ai-optimize-10\"><strong><img loading=\"lazy\" decoding=\"async\" class=\"aligncenter size-large wp-image-126440\" src=\"https:\/\/rtrsports.com\/wp-content\/uploads\/2024\/07\/niki_lauda_1975_watkins_glen.jpg\" alt=\"Niki Lauda\" width=\"596\" height=\"400\" \/><\/strong><\/h2>\n<h2 class=\"ai-optimize-11\"><strong>Pistte rekabet<\/strong><\/h2>\n<p class=\"ai-optimize-12\"><strong>1975<\/strong> &#8216;te <strong>Ferrari<\/strong> &#8216;deki ikinci y\u0131l\u0131nda Lauda, sezonu domine ederek, be\u015f <strong>Grands Prix<\/strong> kazanarak ve <strong>14 yar\u0131\u015fta 11 kez<\/strong> podyuma \u00e7\u0131karak ilk <strong>D\u00fcnya \u015eampiyonlu\u011funu<\/strong> kazand\u0131. En azimli rakibi tak\u0131m arkada\u015f\u0131 <strong>Clay Regazzoni<\/strong>&#8216;ydi. Regazzoni az\u0131l\u0131 bir yar\u0131\u015fmac\u0131yd\u0131 ve Lauda ile k\u0131yas\u0131ya rekabet etmekten \u00e7ekinmiyordu. \u0130ki pilot aras\u0131nda g\u00fc\u00e7l\u00fc bir rekabet ve ayn\u0131 zamanda kar\u015f\u0131l\u0131kl\u0131 sayg\u0131 vard\u0131. Ferrari domine etti ve taraftarlar heyecan aras\u0131nda sevin\u00e7ten \u00e7\u0131lg\u0131na d\u00f6nd\u00fc.<\/p>\n<h2 class=\"ai-optimize-13\"><strong>Nurburgring kazas\u0131 ve Monza&#8217;ya geri d\u00f6n\u00fc\u015f<\/strong><\/h2>\n<p class=\"ai-optimize-14\">1 A\u011fustos <strong>1976<\/strong> &#8216;da \u015fampiyona lideri olan Lauda, yar\u0131\u015f s\u0131ras\u0131nda korkun\u00e7 bir kaza ge\u00e7irdi. <strong>Almanya Grand Prix&#8217;si. Zorlu ve tehlikeli olarak bilinen Nurburgring pisti, o g\u00fcn Lauda i\u00e7in tehlikeli oldu\u011funu kan\u0131tlad\u0131.<\/strong><\/p>\n<p class=\"ai-optimize-15\">Ferrari&#8217;si pistin o k\u0131sm\u0131n\u0131 \u00e7evreleyen kayal\u0131k sete \u00e7arpt\u0131ktan sonra alev ald\u0131 ve kurtar\u0131lmadan \u00f6nce neredeyse bir dakika boyunca arabada mahsur kald\u0131. <strong>Arturo Merzario<\/strong>, <strong>Guy Edwards<\/strong> ve <strong>Harald Ertl<\/strong> onu yanan arabas\u0131n\u0131n enkaz\u0131ndan \u00e7\u0131kararak hayat\u0131n\u0131 kurtard\u0131. Niki&#8217; <strong>nin y\u00fcz\u00fcnde<\/strong> ve ci\u011ferlerinde <strong>ciddi yan\u0131klar<\/strong> vard\u0131 ve hayatta kalma \u015fans\u0131 \u00e7ok azd\u0131. Ancak kayda de\u011fer bir iyile\u015fme g\u00f6sterdi ve ancak alt\u0131 hafta sonra Monza&#8217;da, yaralar\u0131 hala iyile\u015firken yar\u0131\u015flara geri d\u00f6nd\u00fc. Daha sonra insan\u00fcst\u00fc bir irade ve cesaret g\u00f6sterdi, kask\u0131n\u0131 tak\u0131p \u00e7\u0131karmak \u00e7ok ac\u0131 vericiydi ve yaralar\u0131 i\u00e7in hala koruyucu sarg\u0131lar kullan\u0131yordu. S\u0131ralama turlar\u0131nda onuncu olduktan sonra yar\u0131\u015f\u0131 d\u00f6rd\u00fcnc\u00fc bitirmeyi ba\u015fard\u0131, Niki geri d\u00f6nm\u00fc\u015ft\u00fc ve d\u00fcnya \u015fampiyonlu\u011fu hala ula\u015f\u0131labilir g\u00f6r\u00fcn\u00fcyordu. Almanya&#8217;daki yar\u0131\u015fman\u0131n \u00fczerinden sadece 42 g\u00fcn ge\u00e7mi\u015fti ama bu s\u00fcre bir \u00f6m\u00fcr gibi gelmi\u015fti.<\/p>\n<p class=\"ai-optimize-16\">Ancak her hik\u00e2yenin sonu iyi bitmiyordu ve 1976 y\u0131l\u0131 Lauda&#8217;n\u0131n \u0131slak <strong>Japonya Grand Prix<\/strong>&#8216;sinden \u00e7ekilerek \u015fampiyonlu\u011fu sadece bir puan farkla <strong>Hunt<\/strong> &#8216;a kapt\u0131rmas\u0131yla sona erdi. Lauda o g\u00fcn Fuji pistinde yar\u0131\u015fman\u0131n \u00e7ok tehlikeli oldu\u011funu d\u00fc\u015f\u00fcnd\u00fc ve her zamanki gibi tutarl\u0131 bir \u015fekilde yar\u0131\u015f\u0131 b\u0131rakt\u0131. Maranello tak\u0131m\u0131n\u0131n teknik direkt\u00f6r\u00fc m\u00fchendis Forghieri, klasik &#8216;elektrik ar\u0131zas\u0131&#8217; bahanesine ba\u015fvurarak k\u00fc\u00e7\u00fck bir yalan s\u00f6ylemeye haz\u0131rd\u0131 ancak Lauda bunu kabul etmedi ve ger\u00e7e\u011fi s\u00f6yledi. D\u00fcnya motor yar\u0131\u015flar\u0131n\u0131n b\u00fcy\u00fck ya\u015fl\u0131 adam\u0131yla olan ili\u015fki daha sonra \u00e7at\u0131rdamaya ba\u015flad\u0131.<\/p>\n<h2 class=\"ai-optimize-17\"><strong><img loading=\"lazy\" decoding=\"async\" class=\"aligncenter size-large wp-image-126448\" src=\"https:\/\/rtrsports.com\/wp-content\/uploads\/2024\/08\/niki_lauda_-_ferrari_312t2_-_1976_race_of_champions_brands_hatch-559x400.jpg\" alt=\"NIki Lauda\" width=\"559\" height=\"400\" \/><\/strong><\/h2>\n<h2 class=\"ai-optimize-18\"><strong>Brabham ile ge\u00e7en y\u0131llar ve 1979&#8217;daki emeklilik<\/strong><\/h2>\n<p class=\"ai-optimize-19\">Ancak <strong>1977<\/strong>&#8216;de &#8216;normalli\u011fe&#8217; bir d\u00f6n\u00fc\u015f oldu: Lauda ikinci <strong>D\u00fcnya \u015eampiyonlu\u011funu<\/strong> kazand\u0131, ancak Almanya kazas\u0131 ile Japonya yar\u0131\u015f\u0131ndan emekli olmas\u0131 aras\u0131ndaki zor d\u00f6nemde ortaya \u00e7\u0131kan baz\u0131 anla\u015fmazl\u0131klar ve yanl\u0131\u015f anlamalar nedeniyle <strong>Ferrari<\/strong> &#8216;yi <strong>Brabham<\/strong> i\u00e7in terk etti. B\u00f6ylece Avusturyal\u0131 pilot ile <strong>Maranello<\/strong> tak\u0131m\u0131 aras\u0131nda d\u00f6rt y\u0131l i\u00e7inde iki d\u00fcnya \u015fampiyonlu\u011fu, bir ikincilik ve bir d\u00f6rd\u00fcnc\u00fcl\u00fck getiren i\u015fbirli\u011fi sona erdi. Ne zaman ama.<\/p>\n<p class=\"ai-optimize-20\"><strong>1978<\/strong> &#8216;de <strong>Bernie Ecclestone<\/strong>&#8216;un <strong>Brabham<\/strong> &#8216;\u0131n\u0131n direksiyonunda Lauda vard\u0131. Niki&#8217;nin h\u0131zl\u0131 ama g\u00fcvenilmez bir arabas\u0131 vard\u0131 ve sezona uzun bir emekli olma serisi damgas\u0131n\u0131 vurdu; \u0130sve\u00e7 ve Monza&#8217;da iki yar\u0131\u015f kazand\u0131 ve toplamda d\u00f6rd\u00fcnc\u00fc oldu.<\/p>\n<p class=\"ai-optimize-21\"><strong>1979<\/strong> &#8216;da \u0130ngiliz ekibinin performans\u0131, g\u00fcvenilirlik sorunlar\u0131 ve rekabet\u00e7i olmayan bir ara\u00e7 nedeniyle d\u00fc\u015ft\u00fc. <strong>Kanada Grand Prix<\/strong>&#8216;sindeki bir antrenman seans\u0131n\u0131n sonunda Lauda yar\u0131\u015flardan derhal emekli olmaya karar verdi&#8230; Ecclestone&#8217;a durumu anlatt\u0131 ve ayn\u0131 y\u0131l kurdu\u011fu <strong>Lauda Air<\/strong> adl\u0131 kendi havayolu \u015firketini tam zamanl\u0131 olarak i\u015fletmek \u00fczere Avusturya&#8217;ya d\u00f6nd\u00fc.<\/p>\n<h2 class=\"ai-optimize-22\"><strong><img loading=\"lazy\" decoding=\"async\" class=\"aligncenter size-large wp-image-126464\" src=\"https:\/\/rtrsports.com\/wp-content\/uploads\/2024\/08\/niki_lauda_1982_british_gp-600x400.jpg\" alt=\"Lauda Mclaren\" width=\"600\" height=\"400\" \/><\/strong><\/h2>\n<h2 class=\"ai-optimize-23\"><strong>McLaren, geri d\u00f6n\u00fc\u015f ve zafer<\/strong><\/h2>\n<p class=\"ai-optimize-24\">Yeni macera Lauda i\u00e7in iyi gidiyor ama yar\u0131\u015f adrenalininin eksikli\u011fini hissetti\u011fi a\u00e7\u0131k. 1982&#8217;de, k\u0131smen 3 milyon dolarl\u0131k s\u00fcper kiralama sayesinde <strong>McLaren<\/strong> ile geri d\u00f6nmeye karar verdi. \u0130ki yar\u0131\u015f kazand\u0131\u011f\u0131 ve \u015fampiyonay\u0131 be\u015finci s\u0131rada bitirdi\u011fi iyi bir y\u0131ld\u0131. B\u00f6yle bir geri d\u00f6n\u00fc\u015ften sonra insan b\u00fcy\u00fck \u015feyler bekliyor&#8230; bunun yerine 1983 unutulacak bir y\u0131l oldu. Ancak zafer 1984 y\u0131l\u0131nda Lauda&#8217;n\u0131n tak\u0131m arkada\u015f\u0131 <strong>Alain Prost<\/strong>&#8216;u sadece yar\u0131m puan farkla ge\u00e7erek \u00fc\u00e7\u00fcnc\u00fc <strong>D\u00fcnya \u015eampiyonlu\u011funu<\/strong> kazanmas\u0131yla geldi.<\/p>\n<h2 class=\"ai-optimize-25\"><strong>Bir erkek olarak Lauda<\/strong><\/h2>\n<p class=\"ai-optimize-26\">Pist d\u0131\u015f\u0131nda da a\u00e7\u0131k s\u00f6zl\u00fc ki\u015fili\u011fi ve mizah anlay\u0131\u015f\u0131yla tan\u0131nan <strong>Lauda<\/strong>, gazetecilerin sorular\u0131na s\u0131k s\u0131k esprili yan\u0131tlar verirdi. Kendisine y\u00f6netmeliklerde de\u011fi\u015fiklik yap\u0131lmas\u0131n\u0131 isteyip istemedi\u011fi soruldu\u011funda \u015fu yan\u0131t\u0131 vermi\u015fti: &#8216;Evet, yar\u0131\u015f arabalar\u0131n\u0131n yerini u\u00e7aklar\u0131n almas\u0131n\u0131 isterdim. Bu \u015fekilde t\u00fcm yar\u0131\u015flar\u0131 kazanabilirim&#8221;. Ayn\u0131 zamanda iyi yemek ve \u015faraba olan sevgisiyle de tan\u0131n\u0131rd\u0131 ve t\u00fcm h\u0131z\u0131yla \u00e7al\u0131\u015f\u0131rken bile s\u0131k s\u0131k her ikisine de d\u00fc\u015fk\u00fcnd\u00fc.<br \/>\n\u00c7ok \u00e7ekingendi ve \u00f6zel hayat\u0131 hakk\u0131nda konu\u015fmaktan ho\u015flanmazd\u0131. \u0130ki kez evlendi ve <strong>Mathias<\/strong> ve <strong>Lukas<\/strong> ad\u0131nda iki o\u011flu oldu. Mathias babas\u0131n\u0131n izinden giderek profesyonel bir yar\u0131\u015f pilotu oldu, \u015fu anda Aston<strong>Martin<\/strong> &#8216;in <strong>FIA WEC<\/strong> &#8216;teki resmi pilotu olarak g\u00f6rev yap\u0131yor ve <strong>Lukas<\/strong> da onun menajerli\u011fini yap\u0131yor.<\/p>\n<h2 class=\"ai-optimize-27\"><strong><img loading=\"lazy\" decoding=\"async\" class=\"aligncenter size-large wp-image-126456\" src=\"https:\/\/rtrsports.com\/wp-content\/uploads\/2024\/08\/susie_wolff_niki_lauda-scaled-1-600x398.jpg\" alt=\"susie wolf niki lauda\" width=\"600\" height=\"398\" \/><\/strong><\/h2>\n<h2 class=\"ai-optimize-28\"><strong>Lauda, u\u00e7ak tutkusu ve Formula 1&#8217;de dan\u0131\u015fmanl\u0131k<\/strong><\/h2>\n<p class=\"ai-optimize-29\">Lauda <strong>havac\u0131l\u0131k<\/strong> konusunda tutkuluydu ve <strong>ticari pilot<\/strong> lisans\u0131na sahipti. 1979 y\u0131l\u0131nda y\u00fcksek g\u00fcvenlik standartlar\u0131 ve m\u00fckemmel hizmetiyle bilinen Lauda <strong>Air<\/strong>&#8216;i kurdu ve birka\u00e7 y\u0131l sonra <strong>Austrian Airlines<\/strong>&#8216;a satt\u0131. Daha sonra birka\u00e7 d\u00fc\u015f\u00fck maliyetli ve e\u011flence ama\u00e7l\u0131 havayolu \u015firketi kurdu ve y\u00f6netti. Kaptan Niki Lauda haftada iki kez ticari u\u00e7a\u011f\u0131n\u0131 bizzat u\u00e7uruyordu.<\/p>\n<p class=\"ai-optimize-30\">Emekli olduktan sonra <strong>Lauda<\/strong>, <strong>Ferrari<\/strong> ve <strong>Jaguar<\/strong> da dahil olmak \u00fczere \u00e7e\u015fitli Formula 1 tak\u0131mlar\u0131nda <strong>Tak\u0131m M\u00fcd\u00fcr\u00fc<\/strong> olarak dan\u0131\u015fmanl\u0131k yapt\u0131. Bu arada, 2002 y\u0131l\u0131nda Jaguar&#8217;a atlad\u0131 ve son yar\u0131\u015f sezonundan 18 y\u0131l sonra Valencia&#8217;da test etti. 2012 y\u0131l\u0131nda <strong>Mercedes-AMG Petronas Formula 1 Tak\u0131m\u0131<\/strong> &#8216;n\u0131n icrac\u0131 olmayan ba\u015fkanl\u0131\u011f\u0131na atand\u0131 ve 2019&#8217;daki \u00f6l\u00fcm\u00fcne kadar tak\u0131m\u0131n sonraki y\u0131llardaki ba\u015far\u0131s\u0131nda kilit rol oynad\u0131.<\/p>\n<p class=\"ai-optimize-31\">\u0130nsanlar onun <strong>a\u00e7\u0131k s\u00f6zl\u00fc tarz\u0131n\u0131<\/strong> ve <strong>spor politikalar\u0131n\u0131n \u00fczerine<\/strong> \u00e7\u0131kma becerisini hat\u0131rl\u0131yor.<\/p>\n<h2 class=\"ai-optimize-32\"><strong>Di\u011fer pilotlarla ili\u015fkiler<\/strong><\/h2>\n<p class=\"ai-optimize-33\">Lauda&#8217;n\u0131n di\u011fer s\u00fcr\u00fcc\u00fclerle karma\u015f\u0131k bir ili\u015fkisi vard\u0131. S\u00fcr\u00fc\u015f becerileri ve kazanma azmiyle sayg\u0131 duyulan biriydi ama ayn\u0131 zamanda y\u0131prat\u0131c\u0131 ve \u00e7at\u0131\u015fmac\u0131 da olabiliyordu:<\/p>\n<p class=\"ai-optimize-34\"><strong>Alain Prost <\/strong>&#8216;Niki b\u00fcy\u00fck bir \u015fampiyon ve b\u00fcy\u00fck bir adamd\u0131. Pistte her zaman \u00e7ok adil, pist d\u0131\u015f\u0131nda ise \u00e7ok a\u00e7\u0131k s\u00f6zl\u00fc biriydi. En zorlu rakiplerimden biriydi ama birbirimize her zaman b\u00fcy\u00fck sayg\u0131 duyduk.&#8221;<\/p>\n<p class=\"ai-optimize-35\"><strong>\u00dczerinde Lauda&#8217;ya sayg\u0131 duru\u015fu niteli\u011finde bir tasar\u0131m bulunan kask\u0131yla 2019 Monako Grand Prix&#8217;sini kazanan Lewis Hamilton, <\/strong>&#8220;Niki bir spor efsanesiydi ve onu tan\u0131mak benim i\u00e7in bir onurdu. Hayat\u0131 boyunca hem pistte hem de pist d\u0131\u015f\u0131nda \u00e7ok \u015fey ba\u015fard\u0131 ve her zaman en iyilerden biri olarak hat\u0131rlanacak.&#8221;<\/p>\n<p class=\"ai-optimize-36\"><strong>Sebastian Vettel <\/strong>&#8216;Niki hem bir s\u00fcr\u00fcc\u00fc hem de bir insan olarak benim i\u00e7in ger\u00e7ek bir ilham kayna\u011f\u0131yd\u0131. O bir sava\u015f\u00e7\u0131yd\u0131 ve en zor anlarda bile asla pes etmedi. Onu \u00e7ok \u00f6zleyece\u011fiz.<\/p>\n<p class=\"ai-optimize-37\"><strong>Damon Hill <\/strong>&#8216;Niki harika bir s\u00fcr\u00fcc\u00fc ve spor i\u00e7in harika bir el\u00e7iydi. Keskin bir zekas\u0131 ve h\u0131nz\u0131r bir mizah anlay\u0131\u015f\u0131 vard\u0131 ve her zaman akl\u0131ndan ge\u00e7eni s\u00f6ylerdi. Sporun ger\u00e7ek karakterlerinden biri olarak hat\u0131rlanacakt\u0131r.&#8221;<\/p>\n<p class=\"ai-optimize-38\"><strong>Gerhard Berger<\/strong> &#8216;Niki benim i\u00e7in bir arkada\u015f ve ak\u0131l hocas\u0131yd\u0131 ve ondan \u00e7ok \u015fey \u00f6\u011frendim. O harika bir s\u00fcr\u00fcc\u00fc ve harika bir i\u015f adam\u0131yd\u0131 ve spora benzersiz bir bak\u0131\u015f a\u00e7\u0131s\u0131 vard\u0131. Onu tan\u0131yan herkes taraf\u0131ndan \u00f6zlenecek.&#8221;<\/p>\n<p class=\"ai-optimize-39\"><strong>David Coulthard:<\/strong> &#8216;Niki Lauda sporun devlerinden biriydi ve onun vefat\u0131 t\u00fcm Formula 1 camias\u0131 i\u00e7in b\u00fcy\u00fck bir kay\u0131pt\u0131r. O asla unutulmayacak.&#8221; Bu asla unutulmayacak&#8217;.<\/p>\n<h2 class=\"ai-optimize-40\"><strong>Unutulmaz Yar\u0131\u015flar<\/strong><\/h2>\n<p class=\"ai-optimize-41\">Niki Lauda&#8217;n\u0131n kariyeri Formula 1 tarihine sonsuza dek kaz\u0131nacak anlarla doluydu. \u0130\u015fte eski hayranlar\u0131n hat\u0131rlad\u0131klar\u0131:<\/p>\n<p class=\"ai-optimize-42\"><strong>1974 \u0130spanya Grand Prix&#8217;si:<\/strong> Lauda&#8217;n\u0131n ilk <a href=\"http:\/\/F1.com\">Formula 1<\/a> zaferi. Avusturyal\u0131 liderli\u011fi hemen ele ge\u00e7irerek yar\u0131\u015f\u0131 domine etti, \u00f6yle bir tempo tutturdu ki neredeyse t\u00fcm rakiplerini ikiye katlad\u0131 ve yar\u0131\u015f\u0131 ikincinin bir dakikadan fazla \u00f6n\u00fcnde bitirdi.<\/p>\n<p class=\"ai-optimize-43\"><strong>1975 Monako Grand Prix<\/strong>: Lauda yar\u0131\u015f\u0131n b\u00fcy\u00fck b\u00f6l\u00fcm\u00fcnde vites kutusu sorunlar\u0131 ya\u015famas\u0131na ra\u011fmen yar\u0131\u015f\u0131 kazand\u0131. <strong>Bile\u011findeki<\/strong> sakatl\u0131\u011fa ra\u011fmen Lauda kusursuz bir yar\u0131\u015f \u00e7\u0131kard\u0131 ve zafere ula\u015ft\u0131.<\/p>\n<p class=\"ai-optimize-44\"><strong>1975 \u0130talya Grand Prix&#8217;si:<\/strong> Lauda&#8217;n\u0131n sezonu i\u00e7in \u00e7ok \u00f6nemli bir yar\u0131\u015ft\u0131 ve \u015fampiyonlu\u011fu kazand\u0131. Yar\u0131\u015fa pole pozisyonundan ba\u015flad\u0131 ancak yar\u0131\u015f\u0131n b\u00fcy\u00fck b\u00f6l\u00fcm\u00fcnde tak\u0131m arkada\u015f\u0131 Clay Regazzoni ile m\u00fccadele etmek zorunda kald\u0131. Sonunda bir saniyenin biraz \u00fczerinde bir farkla kazand\u0131<strong>.<\/strong><\/p>\n<p class=\"ai-optimize-45\"><strong>1976 Britanya<\/strong> Grand Prix&#8217;si: Yar\u0131\u015f\u0131n son a\u015famalar\u0131nda James Hunt&#8217;\u0131 ge\u00e7mek zorunda kalan Lauda i\u00e7in zor bir zafer oldu.<\/p>\n<p class=\"ai-optimize-46\">Bununla birlikte, Niki Lauda&#8217;n\u0131n kariyerinin en sembolik anlar\u0131ndan biri, <strong>1976 Japonya Grand Prix<\/strong>&#8216;sinden \u00e7ekilme karar\u0131 almas\u0131 ve bunun sonucunda \u015fampiyonluk unvan\u0131n\u0131 en b\u00fcy\u00fck rakibi James Hunt&#8217;a devretmesiydi. Yar\u0131\u015f sa\u011fanak ya\u011fmur alt\u0131nda ger\u00e7ekle\u015fti ve sezonun ba\u015flar\u0131nda korkun\u00e7 bir kaza ge\u00e7iren Lauda, ko\u015fullar\u0131n devam etmek i\u00e7in \u00e7ok tehlikeli oldu\u011funu d\u00fc\u015f\u00fcnd\u00fc. \u015eampiyona s\u0131ralamas\u0131ndaki liderli\u011fine ra\u011fmen, sadece iki tur sonra yar\u0131\u015ftan \u00e7ekilmeye karar verdi. Hunt yar\u0131\u015f\u0131 kazand\u0131 ve bir puan farkla \u015fampiyon oldu. Lauda&#8217;n\u0131n bu karar\u0131 o d\u00f6nemde tart\u0131\u015fmalara yol a\u00e7m\u0131\u015f olsa da, \u015fampiyonluk unvan\u0131 pahas\u0131na da olsa d\u00fcr\u00fcstl\u00fc\u011f\u00fcn\u00fc ve g\u00fcvenli\u011fe olan ba\u011fl\u0131l\u0131\u011f\u0131n\u0131 ortaya koymu\u015ftur. Daha sonraki y\u0131llarda <strong>Lauda ve Hunt yak\u0131n arkada\u015f oldular<\/strong> ve aralar\u0131ndaki rekabet ve kar\u015f\u0131l\u0131kl\u0131 sayg\u0131 <strong>&#8216;Rush&#8217;<\/strong> filmine konu <strong>oldu<\/strong>.<\/p>\n<p class=\"ai-optimize-47\"><strong>1977 G\u00fcney Afrika Grand Prix<\/strong>&#8216;si: Yar\u0131\u015f\u0131n her turunu \u00f6nde g\u00f6t\u00fcren ve yar\u0131\u015f\u0131 ikincinin bir dakikadan fazla \u00f6n\u00fcnde bitiren Lauda&#8217;n\u0131n bask\u0131n zaferi.<\/p>\n<p class=\"ai-optimize-48\"><strong>1977 Almanya Grand Prix&#8217;si:<\/strong> Lauda ve en b\u00fcy\u00fck rakibi Jody Scheckter aras\u0131ndaki klasik m\u00fccadele. \u0130kili birka\u00e7 kez liderli\u011fi de\u011fi\u015f toku\u015f etti, ancak Lauda ikinci d\u00fcnya \u015fampiyonlu\u011funu kazanmay\u0131 ba\u015fard\u0131\u011f\u0131 y\u0131l zirveye \u00e7\u0131kt\u0131.<\/p>\n<p class=\"ai-optimize-49\"><strong>1982 Amerika Grand Prix, Long Beach:<\/strong> Bu Lauda&#8217;n\u0131n Formula 1&#8217;e d\u00f6n\u00fc\u015f\u00fcndeki ilk zaferiydi. Gridde \u00fc\u00e7\u00fcnc\u00fc s\u0131radan ba\u015flayarak liderli\u011fe kadar t\u0131rmand\u0131 ve podyuma geri d\u00f6nd\u00fc.<\/p>\n<p class=\"ai-optimize-50\"><strong>1984 Portekiz Grand Prix&#8217;si:<\/strong> Y\u0131l\u0131n son yar\u0131\u015f\u0131, Lauda ve tak\u0131m arkada\u015f\u0131 aras\u0131nda gergin bir m\u00fccadele.<\/p>\n<p>&nbsp;<\/p>\n<p>&nbsp;<\/p>\n<p>&nbsp;<\/p>\n<hr \/>\n<pre>Pictures from the top: \r\n\r\nChristian Sinclair, Niki Lauda, driving his Scuderia Ferrari at the 1975 United States Grand Prix, Creative Commons Attribution 2.0 Generic license.\r\n\r\nMartin Lee, Niki Lauda - Ferrari 312T2 approaches Druids at the 1976 Race of Champions, Brands Hatch, Creative Commons Attribution-Share Alike 2.0\r\n\r\nMartin Lee, Niki Lauda at the 1982 British Grand Prix, Creative Commons Attribution-Share Alike 2.0 Generic license.\r\n\r\nThomas Ormston, Susie Wolff and Niki Lauda, Creative Commons Attribution 2.0 Generic license.<\/pre>\n","protected":false},"excerpt":{"rendered":"<p>Niki Lauda \u00fc\u00e7 kez d\u00fcnya \u015fampiyonu oldu Formula 1 D\u00fcnya \u015eampiyonu ba\u015far\u0131l\u0131 bir giri\u015fimci ve havac\u0131l\u0131k tutkunu. Lauda&#8217;n\u0131n hayat\u0131 her alanda b\u00fcy\u00fck ba\u015far\u0131lar, \u00e7alkant\u0131l\u0131 rekabetler ve inan\u0131lmaz deneyimlerle dolu. A\u015fa\u011f\u0131daki sat\u0131rlarda Lauda&#8217;n\u0131n Formula 1 kariyerini, \u00f6zel hayat\u0131n\u0131 ve pistte ge\u00e7irdi\u011fi zaman\u0131n \u00f6tesinde spora yapt\u0131\u011f\u0131 katk\u0131lar\u0131 inceleyerek dolu dolu bir hayat\u0131 \u00f6zetlemeye \u00e7al\u0131\u015faca\u011f\u0131z. \u0130lk y\u0131llar Niki [&hellip;]<\/p>\n","protected":false},"author":2,"featured_media":194430,"comment_status":"open","ping_status":"open","sticky":false,"template":"","format":"standard","meta":{"_acf_changed":false,"footnotes":""},"categories":[20201,20202],"tags":[],"class_list":["post-242058","post","type-post","status-publish","format-standard","has-post-thumbnail","hentry","category-formula-1-tr","category-formula1-tr"],"acf":[],"contentshake_article_id":"","yoast_head":"<!-- This site is optimized with the Yoast SEO Premium plugin v26.8 (Yoast SEO v27.4) - https:\/\/yoast.com\/product\/yoast-seo-premium-wordpress\/ -->\n<title>Niki Lauda - \u0130ki kez ya\u015fayan F1 \u015fampiyonu<\/title>\n<meta name=\"description\" content=\"Niki Lauda \u00fc\u00e7 kez F1 d\u00fcnya \u015fampiyonu olmu\u015f, ba\u015far\u0131l\u0131 bir giri\u015fimci ve havac\u0131l\u0131k tutkunuydu.\" \/>\n<meta name=\"robots\" content=\"index, follow, max-snippet:-1, max-image-preview:large, max-video-preview:-1\" \/>\n<link rel=\"canonical\" href=\"https:\/\/rtrsports.com\/tr\/blog\/niki-lauda-the-f1-and-beyond\/\" \/>\n<meta property=\"og:locale\" content=\"tr_TR\" \/>\n<meta property=\"og:type\" content=\"article\" \/>\n<meta property=\"og:title\" content=\"Niki Lauda, F1 ve \u00f6tesi\" \/>\n<meta property=\"og:description\" content=\"Niki Lauda \u00fc\u00e7 kez F1 d\u00fcnya \u015fampiyonu olmu\u015f, ba\u015far\u0131l\u0131 bir giri\u015fimci ve havac\u0131l\u0131k tutkunuydu.\" \/>\n<meta property=\"og:url\" content=\"https:\/\/rtrsports.com\/tr\/blog\/niki-lauda-the-f1-and-beyond\/\" \/>\n<meta property=\"og:site_name\" content=\"RTR Sports\" \/>\n<meta property=\"article:publisher\" content=\"https:\/\/www.facebook.com\/RTRSportsMarketing\/\" \/>\n<meta property=\"article:author\" content=\"https:\/\/www.facebook.com\/rtrsportsmarketing\" \/>\n<meta property=\"og:image\" content=\"https:\/\/rtrsports.com\/wp-content\/uploads\/2024\/07\/niki_lauda_1975_watkins_glen.jpg\" \/>\n\t<meta property=\"og:image:width\" content=\"800\" \/>\n\t<meta property=\"og:image:height\" content=\"537\" \/>\n\t<meta property=\"og:image:type\" content=\"image\/jpeg\" \/>\n<meta name=\"author\" content=\"Emanuele Venturoli\" \/>\n<meta name=\"twitter:card\" content=\"summary_large_image\" \/>\n<meta name=\"twitter:creator\" content=\"@twitter.com\/RTR_motoGP\" \/>\n<meta name=\"twitter:site\" content=\"@rtrsports\" \/>\n<meta name=\"twitter:label1\" content=\"Yazan:\" \/>\n\t<meta name=\"twitter:data1\" content=\"Emanuele Venturoli\" \/>\n\t<meta name=\"twitter:label2\" content=\"Tahmini okuma s\u00fcresi\" \/>\n\t<meta name=\"twitter:data2\" content=\"10 dakika\" \/>\n<script type=\"application\/ld+json\" class=\"yoast-schema-graph\">{\"@context\":\"https:\\\/\\\/schema.org\",\"@graph\":[{\"@type\":\"Article\",\"@id\":\"https:\\\/\\\/rtrsports.com\\\/tr\\\/blog\\\/niki-lauda-the-f1-and-beyond\\\/#article\",\"isPartOf\":{\"@id\":\"https:\\\/\\\/rtrsports.com\\\/tr\\\/blog\\\/niki-lauda-the-f1-and-beyond\\\/\"},\"author\":{\"name\":\"Emanuele Venturoli\",\"@id\":\"https:\\\/\\\/rtrsports.com\\\/tr\\\/#\\\/schema\\\/person\\\/6db38b859a8be0e39a3fb94a2a7b0a24\"},\"headline\":\"Niki Lauda, F1 ve \u00f6tesi\",\"datePublished\":\"2023-12-28T09:52:55+00:00\",\"dateModified\":\"2025-07-25T20:29:25+00:00\",\"mainEntityOfPage\":{\"@id\":\"https:\\\/\\\/rtrsports.com\\\/tr\\\/blog\\\/niki-lauda-the-f1-and-beyond\\\/\"},\"wordCount\":2080,\"commentCount\":0,\"publisher\":{\"@id\":\"https:\\\/\\\/rtrsports.com\\\/tr\\\/#organization\"},\"image\":{\"@id\":\"https:\\\/\\\/rtrsports.com\\\/tr\\\/blog\\\/niki-lauda-the-f1-and-beyond\\\/#primaryimage\"},\"thumbnailUrl\":\"https:\\\/\\\/rtrsports.com\\\/wp-content\\\/uploads\\\/2024\\\/07\\\/niki_lauda_1975_watkins_glen.jpg\",\"articleSection\":[\"Formula 1\",\"Formula1\"],\"inLanguage\":\"tr\",\"potentialAction\":[{\"@type\":\"CommentAction\",\"name\":\"Comment\",\"target\":[\"https:\\\/\\\/rtrsports.com\\\/tr\\\/blog\\\/niki-lauda-the-f1-and-beyond\\\/#respond\"]}]},{\"@type\":\"WebPage\",\"@id\":\"https:\\\/\\\/rtrsports.com\\\/tr\\\/blog\\\/niki-lauda-the-f1-and-beyond\\\/\",\"url\":\"https:\\\/\\\/rtrsports.com\\\/tr\\\/blog\\\/niki-lauda-the-f1-and-beyond\\\/\",\"name\":\"Niki Lauda - \u0130ki kez ya\u015fayan F1 \u015fampiyonu\",\"isPartOf\":{\"@id\":\"https:\\\/\\\/rtrsports.com\\\/tr\\\/#website\"},\"primaryImageOfPage\":{\"@id\":\"https:\\\/\\\/rtrsports.com\\\/tr\\\/blog\\\/niki-lauda-the-f1-and-beyond\\\/#primaryimage\"},\"image\":{\"@id\":\"https:\\\/\\\/rtrsports.com\\\/tr\\\/blog\\\/niki-lauda-the-f1-and-beyond\\\/#primaryimage\"},\"thumbnailUrl\":\"https:\\\/\\\/rtrsports.com\\\/wp-content\\\/uploads\\\/2024\\\/07\\\/niki_lauda_1975_watkins_glen.jpg\",\"datePublished\":\"2023-12-28T09:52:55+00:00\",\"dateModified\":\"2025-07-25T20:29:25+00:00\",\"description\":\"Niki Lauda \u00fc\u00e7 kez F1 d\u00fcnya \u015fampiyonu olmu\u015f, ba\u015far\u0131l\u0131 bir giri\u015fimci ve havac\u0131l\u0131k tutkunuydu.\",\"breadcrumb\":{\"@id\":\"https:\\\/\\\/rtrsports.com\\\/tr\\\/blog\\\/niki-lauda-the-f1-and-beyond\\\/#breadcrumb\"},\"inLanguage\":\"tr\",\"potentialAction\":[{\"@type\":\"ReadAction\",\"target\":[\"https:\\\/\\\/rtrsports.com\\\/tr\\\/blog\\\/niki-lauda-the-f1-and-beyond\\\/\"]}]},{\"@type\":\"ImageObject\",\"inLanguage\":\"tr\",\"@id\":\"https:\\\/\\\/rtrsports.com\\\/tr\\\/blog\\\/niki-lauda-the-f1-and-beyond\\\/#primaryimage\",\"url\":\"https:\\\/\\\/rtrsports.com\\\/wp-content\\\/uploads\\\/2024\\\/07\\\/niki_lauda_1975_watkins_glen.jpg\",\"contentUrl\":\"https:\\\/\\\/rtrsports.com\\\/wp-content\\\/uploads\\\/2024\\\/07\\\/niki_lauda_1975_watkins_glen.jpg\",\"width\":800,\"height\":537,\"caption\":\"Lauda\"},{\"@type\":\"BreadcrumbList\",\"@id\":\"https:\\\/\\\/rtrsports.com\\\/tr\\\/blog\\\/niki-lauda-the-f1-and-beyond\\\/#breadcrumb\",\"itemListElement\":[{\"@type\":\"ListItem\",\"position\":1,\"name\":\"Home\",\"item\":\"https:\\\/\\\/rtrsports.com\\\/tr\\\/\"},{\"@type\":\"ListItem\",\"position\":2,\"name\":\"Niki Lauda, F1 ve \u00f6tesi\"}]},{\"@type\":\"WebSite\",\"@id\":\"https:\\\/\\\/rtrsports.com\\\/tr\\\/#website\",\"url\":\"https:\\\/\\\/rtrsports.com\\\/tr\\\/\",\"name\":\"RTR Sports Marketing\",\"description\":\"RTR Sports Marketing is a global motorsport sponsorship agency and consultancy, specialized in Formula 1 and MotoGP, and active across all major international racing series including Formula E, NASCAR, WEC, WRC and Dakar, helping brands build data-driven, high-performance sponsorship programs.\",\"publisher\":{\"@id\":\"https:\\\/\\\/rtrsports.com\\\/tr\\\/#organization\"},\"alternateName\":\"RTR Sports\",\"potentialAction\":[{\"@type\":\"SearchAction\",\"target\":{\"@type\":\"EntryPoint\",\"urlTemplate\":\"https:\\\/\\\/rtrsports.com\\\/tr\\\/?s={search_term_string}\"},\"query-input\":{\"@type\":\"PropertyValueSpecification\",\"valueRequired\":true,\"valueName\":\"search_term_string\"}}],\"inLanguage\":\"tr\"},{\"@type\":\"Organization\",\"@id\":\"https:\\\/\\\/rtrsports.com\\\/tr\\\/#organization\",\"name\":\"RTR Sports Marketing\",\"alternateName\":\"RTR sports\",\"url\":\"https:\\\/\\\/rtrsports.com\\\/tr\\\/\",\"logo\":{\"@type\":\"ImageObject\",\"inLanguage\":\"tr\",\"@id\":\"https:\\\/\\\/rtrsports.com\\\/tr\\\/#\\\/schema\\\/logo\\\/image\\\/\",\"url\":\"https:\\\/\\\/rtrsports.com\\\/wp-content\\\/uploads\\\/2024\\\/01\\\/rtrsports-anniversary-1.jpg\",\"contentUrl\":\"https:\\\/\\\/rtrsports.com\\\/wp-content\\\/uploads\\\/2024\\\/01\\\/rtrsports-anniversary-1.jpg\",\"width\":946,\"height\":260,\"caption\":\"RTR Sports Marketing\"},\"image\":{\"@id\":\"https:\\\/\\\/rtrsports.com\\\/tr\\\/#\\\/schema\\\/logo\\\/image\\\/\"},\"sameAs\":[\"https:\\\/\\\/www.facebook.com\\\/RTRSportsMarketing\\\/\",\"https:\\\/\\\/x.com\\\/rtrsports\",\"https:\\\/\\\/www.linkedin.com\\\/company\\\/rtr-sports-marketing\\\/\"],\"description\":\"RTR Sports Marketing is a global motorsport sponsorship agency and consultancy, specialized in Formula 1 and MotoGP, and active across all major international racing series including Formula E, NASCAR, WEC, WRC and Dakar, helping brands build data-driven, high-performance sponsorship programs.\",\"email\":\"info@rtrsports.com\",\"legalName\":\"RTR Sports Marketing LTD\",\"numberOfEmployees\":{\"@type\":\"QuantitativeValue\",\"minValue\":\"1\",\"maxValue\":\"10\"}},{\"@type\":\"Person\",\"@id\":\"https:\\\/\\\/rtrsports.com\\\/tr\\\/#\\\/schema\\\/person\\\/6db38b859a8be0e39a3fb94a2a7b0a24\",\"name\":\"Emanuele Venturoli\",\"image\":{\"@type\":\"ImageObject\",\"inLanguage\":\"tr\",\"@id\":\"https:\\\/\\\/secure.gravatar.com\\\/avatar\\\/0b31d97856061312ddbe71e59715c5835bd3e68f9734d235e2650b6c5a1fb59f?s=96&d=mm&r=g\",\"url\":\"https:\\\/\\\/secure.gravatar.com\\\/avatar\\\/0b31d97856061312ddbe71e59715c5835bd3e68f9734d235e2650b6c5a1fb59f?s=96&d=mm&r=g\",\"contentUrl\":\"https:\\\/\\\/secure.gravatar.com\\\/avatar\\\/0b31d97856061312ddbe71e59715c5835bd3e68f9734d235e2650b6c5a1fb59f?s=96&d=mm&r=g\",\"caption\":\"Emanuele Venturoli\"},\"description\":\"Emanuele Venturoli holds a degree in Public, Political and Institutional Communication from the University of Bologna. He has built his professional career at the intersection of marketing and sport, with hands-on experience in both basketball and motorsport. He is passionate about motorsport, design and literature, and focuses on helping brands create effective and meaningful partnerships in high-performance sporting environments.\",\"sameAs\":[\"https:\\\/\\\/rtrsports.com\",\"https:\\\/\\\/www.facebook.com\\\/rtrsportsmarketing\",\"https:\\\/\\\/www.linkedin.com\\\/in\\\/emanueleventuroli\\\/\",\"https:\\\/\\\/x.com\\\/twitter.com\\\/RTR_motoGP\"],\"url\":\"https:\\\/\\\/rtrsports.com\\\/tr\\\/author\\\/emanuele\\\/\"}]}<\/script>\n<!-- \/ Yoast SEO Premium plugin. -->","yoast_head_json":{"title":"Niki Lauda - \u0130ki kez ya\u015fayan F1 \u015fampiyonu","description":"Niki Lauda \u00fc\u00e7 kez F1 d\u00fcnya \u015fampiyonu olmu\u015f, ba\u015far\u0131l\u0131 bir giri\u015fimci ve havac\u0131l\u0131k tutkunuydu.","robots":{"index":"index","follow":"follow","max-snippet":"max-snippet:-1","max-image-preview":"max-image-preview:large","max-video-preview":"max-video-preview:-1"},"canonical":"https:\/\/rtrsports.com\/tr\/blog\/niki-lauda-the-f1-and-beyond\/","og_locale":"tr_TR","og_type":"article","og_title":"Niki Lauda, F1 ve \u00f6tesi","og_description":"Niki Lauda \u00fc\u00e7 kez F1 d\u00fcnya \u015fampiyonu olmu\u015f, ba\u015far\u0131l\u0131 bir giri\u015fimci ve havac\u0131l\u0131k tutkunuydu.","og_url":"https:\/\/rtrsports.com\/tr\/blog\/niki-lauda-the-f1-and-beyond\/","og_site_name":"RTR Sports","article_publisher":"https:\/\/www.facebook.com\/RTRSportsMarketing\/","article_author":"https:\/\/www.facebook.com\/rtrsportsmarketing","og_image":[{"width":800,"height":537,"url":"https:\/\/rtrsports.com\/wp-content\/uploads\/2024\/07\/niki_lauda_1975_watkins_glen.jpg","type":"image\/jpeg"}],"author":"Emanuele Venturoli","twitter_card":"summary_large_image","twitter_creator":"@twitter.com\/RTR_motoGP","twitter_site":"@rtrsports","twitter_misc":{"Yazan:":"Emanuele Venturoli","Tahmini okuma s\u00fcresi":"10 dakika"},"schema":{"@context":"https:\/\/schema.org","@graph":[{"@type":"Article","@id":"https:\/\/rtrsports.com\/tr\/blog\/niki-lauda-the-f1-and-beyond\/#article","isPartOf":{"@id":"https:\/\/rtrsports.com\/tr\/blog\/niki-lauda-the-f1-and-beyond\/"},"author":{"name":"Emanuele Venturoli","@id":"https:\/\/rtrsports.com\/tr\/#\/schema\/person\/6db38b859a8be0e39a3fb94a2a7b0a24"},"headline":"Niki Lauda, F1 ve \u00f6tesi","datePublished":"2023-12-28T09:52:55+00:00","dateModified":"2025-07-25T20:29:25+00:00","mainEntityOfPage":{"@id":"https:\/\/rtrsports.com\/tr\/blog\/niki-lauda-the-f1-and-beyond\/"},"wordCount":2080,"commentCount":0,"publisher":{"@id":"https:\/\/rtrsports.com\/tr\/#organization"},"image":{"@id":"https:\/\/rtrsports.com\/tr\/blog\/niki-lauda-the-f1-and-beyond\/#primaryimage"},"thumbnailUrl":"https:\/\/rtrsports.com\/wp-content\/uploads\/2024\/07\/niki_lauda_1975_watkins_glen.jpg","articleSection":["Formula 1","Formula1"],"inLanguage":"tr","potentialAction":[{"@type":"CommentAction","name":"Comment","target":["https:\/\/rtrsports.com\/tr\/blog\/niki-lauda-the-f1-and-beyond\/#respond"]}]},{"@type":"WebPage","@id":"https:\/\/rtrsports.com\/tr\/blog\/niki-lauda-the-f1-and-beyond\/","url":"https:\/\/rtrsports.com\/tr\/blog\/niki-lauda-the-f1-and-beyond\/","name":"Niki Lauda - \u0130ki kez ya\u015fayan F1 \u015fampiyonu","isPartOf":{"@id":"https:\/\/rtrsports.com\/tr\/#website"},"primaryImageOfPage":{"@id":"https:\/\/rtrsports.com\/tr\/blog\/niki-lauda-the-f1-and-beyond\/#primaryimage"},"image":{"@id":"https:\/\/rtrsports.com\/tr\/blog\/niki-lauda-the-f1-and-beyond\/#primaryimage"},"thumbnailUrl":"https:\/\/rtrsports.com\/wp-content\/uploads\/2024\/07\/niki_lauda_1975_watkins_glen.jpg","datePublished":"2023-12-28T09:52:55+00:00","dateModified":"2025-07-25T20:29:25+00:00","description":"Niki Lauda \u00fc\u00e7 kez F1 d\u00fcnya \u015fampiyonu olmu\u015f, ba\u015far\u0131l\u0131 bir giri\u015fimci ve havac\u0131l\u0131k tutkunuydu.","breadcrumb":{"@id":"https:\/\/rtrsports.com\/tr\/blog\/niki-lauda-the-f1-and-beyond\/#breadcrumb"},"inLanguage":"tr","potentialAction":[{"@type":"ReadAction","target":["https:\/\/rtrsports.com\/tr\/blog\/niki-lauda-the-f1-and-beyond\/"]}]},{"@type":"ImageObject","inLanguage":"tr","@id":"https:\/\/rtrsports.com\/tr\/blog\/niki-lauda-the-f1-and-beyond\/#primaryimage","url":"https:\/\/rtrsports.com\/wp-content\/uploads\/2024\/07\/niki_lauda_1975_watkins_glen.jpg","contentUrl":"https:\/\/rtrsports.com\/wp-content\/uploads\/2024\/07\/niki_lauda_1975_watkins_glen.jpg","width":800,"height":537,"caption":"Lauda"},{"@type":"BreadcrumbList","@id":"https:\/\/rtrsports.com\/tr\/blog\/niki-lauda-the-f1-and-beyond\/#breadcrumb","itemListElement":[{"@type":"ListItem","position":1,"name":"Home","item":"https:\/\/rtrsports.com\/tr\/"},{"@type":"ListItem","position":2,"name":"Niki Lauda, F1 ve \u00f6tesi"}]},{"@type":"WebSite","@id":"https:\/\/rtrsports.com\/tr\/#website","url":"https:\/\/rtrsports.com\/tr\/","name":"RTR Sports Marketing","description":"RTR Sports Marketing is a global motorsport sponsorship agency and consultancy, specialized in Formula 1 and MotoGP, and active across all major international racing series including Formula E, NASCAR, WEC, WRC and Dakar, helping brands build data-driven, high-performance sponsorship programs.","publisher":{"@id":"https:\/\/rtrsports.com\/tr\/#organization"},"alternateName":"RTR Sports","potentialAction":[{"@type":"SearchAction","target":{"@type":"EntryPoint","urlTemplate":"https:\/\/rtrsports.com\/tr\/?s={search_term_string}"},"query-input":{"@type":"PropertyValueSpecification","valueRequired":true,"valueName":"search_term_string"}}],"inLanguage":"tr"},{"@type":"Organization","@id":"https:\/\/rtrsports.com\/tr\/#organization","name":"RTR Sports Marketing","alternateName":"RTR sports","url":"https:\/\/rtrsports.com\/tr\/","logo":{"@type":"ImageObject","inLanguage":"tr","@id":"https:\/\/rtrsports.com\/tr\/#\/schema\/logo\/image\/","url":"https:\/\/rtrsports.com\/wp-content\/uploads\/2024\/01\/rtrsports-anniversary-1.jpg","contentUrl":"https:\/\/rtrsports.com\/wp-content\/uploads\/2024\/01\/rtrsports-anniversary-1.jpg","width":946,"height":260,"caption":"RTR Sports Marketing"},"image":{"@id":"https:\/\/rtrsports.com\/tr\/#\/schema\/logo\/image\/"},"sameAs":["https:\/\/www.facebook.com\/RTRSportsMarketing\/","https:\/\/x.com\/rtrsports","https:\/\/www.linkedin.com\/company\/rtr-sports-marketing\/"],"description":"RTR Sports Marketing is a global motorsport sponsorship agency and consultancy, specialized in Formula 1 and MotoGP, and active across all major international racing series including Formula E, NASCAR, WEC, WRC and Dakar, helping brands build data-driven, high-performance sponsorship programs.","email":"info@rtrsports.com","legalName":"RTR Sports Marketing LTD","numberOfEmployees":{"@type":"QuantitativeValue","minValue":"1","maxValue":"10"}},{"@type":"Person","@id":"https:\/\/rtrsports.com\/tr\/#\/schema\/person\/6db38b859a8be0e39a3fb94a2a7b0a24","name":"Emanuele Venturoli","image":{"@type":"ImageObject","inLanguage":"tr","@id":"https:\/\/secure.gravatar.com\/avatar\/0b31d97856061312ddbe71e59715c5835bd3e68f9734d235e2650b6c5a1fb59f?s=96&d=mm&r=g","url":"https:\/\/secure.gravatar.com\/avatar\/0b31d97856061312ddbe71e59715c5835bd3e68f9734d235e2650b6c5a1fb59f?s=96&d=mm&r=g","contentUrl":"https:\/\/secure.gravatar.com\/avatar\/0b31d97856061312ddbe71e59715c5835bd3e68f9734d235e2650b6c5a1fb59f?s=96&d=mm&r=g","caption":"Emanuele Venturoli"},"description":"Emanuele Venturoli holds a degree in Public, Political and Institutional Communication from the University of Bologna. He has built his professional career at the intersection of marketing and sport, with hands-on experience in both basketball and motorsport. He is passionate about motorsport, design and literature, and focuses on helping brands create effective and meaningful partnerships in high-performance sporting environments.","sameAs":["https:\/\/rtrsports.com","https:\/\/www.facebook.com\/rtrsportsmarketing","https:\/\/www.linkedin.com\/in\/emanueleventuroli\/","https:\/\/x.com\/twitter.com\/RTR_motoGP"],"url":"https:\/\/rtrsports.com\/tr\/author\/emanuele\/"}]}},"_links":{"self":[{"href":"https:\/\/rtrsports.com\/tr\/wp-json\/wp\/v2\/posts\/242058","targetHints":{"allow":["GET"]}}],"collection":[{"href":"https:\/\/rtrsports.com\/tr\/wp-json\/wp\/v2\/posts"}],"about":[{"href":"https:\/\/rtrsports.com\/tr\/wp-json\/wp\/v2\/types\/post"}],"author":[{"embeddable":true,"href":"https:\/\/rtrsports.com\/tr\/wp-json\/wp\/v2\/users\/2"}],"replies":[{"embeddable":true,"href":"https:\/\/rtrsports.com\/tr\/wp-json\/wp\/v2\/comments?post=242058"}],"version-history":[{"count":5,"href":"https:\/\/rtrsports.com\/tr\/wp-json\/wp\/v2\/posts\/242058\/revisions"}],"predecessor-version":[{"id":300239,"href":"https:\/\/rtrsports.com\/tr\/wp-json\/wp\/v2\/posts\/242058\/revisions\/300239"}],"wp:featuredmedia":[{"embeddable":true,"href":"https:\/\/rtrsports.com\/tr\/wp-json\/wp\/v2\/media\/194430"}],"wp:attachment":[{"href":"https:\/\/rtrsports.com\/tr\/wp-json\/wp\/v2\/media?parent=242058"}],"wp:term":[{"taxonomy":"category","embeddable":true,"href":"https:\/\/rtrsports.com\/tr\/wp-json\/wp\/v2\/categories?post=242058"},{"taxonomy":"post_tag","embeddable":true,"href":"https:\/\/rtrsports.com\/tr\/wp-json\/wp\/v2\/tags?post=242058"}],"curies":[{"name":"wp","href":"https:\/\/api.w.org\/{rel}","templated":true}]}}