{"id":276923,"date":"2025-02-27T10:35:50","date_gmt":"2025-02-27T09:35:50","guid":{"rendered":"https:\/\/rtrsports.com\/motogp-2025-takvim-neden-doguya-bakiyor\/"},"modified":"2025-04-20T18:22:59","modified_gmt":"2025-04-20T16:22:59","slug":"motogp-2025-takvim-neden-doguya-bakiyor","status":"publish","type":"post","link":"https:\/\/rtrsports.com\/tr\/blog\/motogp-2025-takvim-neden-doguya-bakiyor\/","title":{"rendered":"MotoGP 2025, takvim neden Do\u011fu&#8217;ya bak\u0131yor?"},"content":{"rendered":"<p><a href=\"https:\/\/rtrsports.com\/tr\/blog\/takvim-motogp-2025\/\">2025 MotoGP takvimi<\/a>, yeni co\u011frafyalar\u0131 kucaklayan ve yerle\u015fik motor sporlar\u0131 geleneklerini geli\u015ftiren bir yakla\u015f\u0131mla yar\u0131\u015f d\u00fcnyas\u0131 i\u00e7in bir d\u00f6n\u00fcm noktas\u0131na i\u015faret ediyor.<br \/>\nBu Pazar <strong>Tayland&#8217;<\/strong>da ba\u015flayacak olan sezon, heyecan sunmaya ve sporun k\u00fcresel cazibesini daha da geni\u015fletmeye haz\u0131rlan\u0131yor. Do\u011fu Avrupa&#8217;daki iki yar\u0131\u015f\u0131n ( <strong>\u00c7ek Cumhuriyeti ve Macaristan)<\/strong> eklenmesiyle MotoGP, yar\u0131\u015f tutkusunun ve sporun miras\u0131n\u0131n k\u00f6kl\u00fc oldu\u011fu, h\u0131zla b\u00fcy\u00fcyen pazarlardaki varl\u0131\u011f\u0131n\u0131 peki\u015ftiriyor.<\/p>\n<h2><strong>Egzotik ba\u015flang\u0131\u00e7: Tayland<\/strong><\/h2>\n<p><strong>N\u00fcfusun %87&#8217;sinin motosiklet sahibi<\/strong> oldu\u011fu <strong>Tayland&#8217;\u0131n<\/strong> 2025 sezonu i\u00e7in ba\u015flang\u0131\u00e7 noktas\u0131 olarak se\u00e7ilmesi tesad\u00fcf de\u011fildir. Uzun zamand\u0131r MotoGP i\u00e7in bir hedef pazar olarak g\u00f6r\u00fclen Asya, izleyici ve yat\u0131r\u0131m a\u00e7\u0131s\u0131ndan \u00f6nemli bir b\u00fcy\u00fcme g\u00f6stermeye devam ediyor.<\/p>\n<p>Tayland&#8217;daki ilk yar\u0131\u015f, adrenalini ve yenili\u011fi seven bir b\u00f6lgede sporun g\u00fcc\u00fcn\u00fc ve g\u00fczelli\u011fini sergilemek i\u00e7in m\u00fckemmel bir vitrin.<br \/>\n<strong>Bangkok&#8217;un merkezinde<\/strong> t\u00fcm kahramanlar\u0131n ayn\u0131 sahnede yer ald\u0131\u011f\u0131 bir etkinlikle <strong>2025 \u015eampiyonas\u0131n\u0131n Lansman\u0131<\/strong>, MotoGP&#8217;nin bundan sonra sunaca\u011f\u0131 yenilenmi\u015f pazarlama yakla\u015f\u0131m\u0131n\u0131n ilk i\u015faretidir.<\/p>\n<h2><strong>Asya: yenilik ve gelene\u011fin kalbinin att\u0131\u011f\u0131 yer<\/strong><\/h2>\n<p>Son y\u0131llarda Asya&#8217;da MotoGP&#8217;ye olan ilgi, k\u0131smen tan\u0131t\u0131m giri\u015fimleri ve motor sporlar\u0131na yap\u0131lan \u00f6nemli yat\u0131r\u0131mlar sayesinde katlanarak artm\u0131\u015ft\u0131r. <strong>Dola\u015f\u0131mdaki 270 milyondan fazla motosiklet<\/strong> ve elektrikli segment i\u00e7in b\u00fcy\u00fcme beklentileri ile Asya, yaln\u0131zca<strong> geleneksel motosiklet sat\u0131\u015flar\u0131<\/strong> i\u00e7in de\u011fil, ayn\u0131 zamanda teknolojik ve \u00e7evresel yenilikler i\u00e7in de<strong> kilit bir b\u00f6lgedir<\/strong>; bu da \u00fcreticiler, yat\u0131r\u0131mc\u0131lar ve merakl\u0131lar i\u00e7in Asya&#8217;n\u0131n k\u00fcresel iki tekerlekli mobilite ortam\u0131ndaki kilit rol\u00fcn\u00fc g\u00fc\u00e7lendiren \u00e7ok olumlu bir tablodur.<\/p>\n<p>Bu artan ilgi sadece TV ve dijital izleyiciler \u00fczerinde olumlu bir etki yaratmakla kalm\u0131yor, ayn\u0131 zamanda yerel ekonomi ve turizm \u00fczerinde olumlu etkileri olan \u00f6nemli ekonomik yat\u0131r\u0131mlar\u0131 da te\u015fvik ediyor.<\/p>\n<h2><strong>Do\u011fu Avrupa&#8217;ya Geni\u015fleme: \u00c7ek Cumhuriyeti ve Macaristan<\/strong><\/h2>\n<p>2025 takvimine eklenen bir di\u011fer yeni etap ise \u00c7ek Cumhuriyeti ve Macaristan&#8217;da d\u00fczenlenecek yar\u0131\u015flarla Do\u011fu Avrupa&#8217;da iki etab\u0131n eklenmesi oldu. Bu eklemeler sadece bir co\u011frafi geni\u015fleme operasyonu olmay\u0131p, motor sporlar\u0131 gelene\u011finin canl\u0131 oldu\u011fu ve \u00fcst d\u00fczey spor etkinliklerine duyulan arzunun hissedilir oldu\u011fu b\u00f6lgeleri kucaklamay\u0131 ama\u00e7layan bir stratejiyi yans\u0131tmaktad\u0131r.<\/p>\n<h2><strong>Do\u011fu Avrupa&#8217;n\u0131n otomobil gelene\u011fi<\/strong><\/h2>\n<p><strong>Do\u011fu Avrupa k\u00f6kl\u00fc bir motor sporlar\u0131 gelene\u011fine sahiptir<\/strong>; \u00c7ek Cumhuriyeti ve Macaristan&#8217;daki motor sporlar\u0131 tutkusu k\u00f6kl\u00fc bir gelene\u011fin sonucudur ve yerel aileler ve topluluklar spor etkinliklerini her zaman destekleyerek yeteneklerin ve birinci s\u0131n\u0131f altyap\u0131n\u0131n geli\u015fimine katk\u0131da bulunmu\u015ftur.<\/p>\n<p><strong>1970&#8217;ler ve 1980&#8217;lerde<\/strong> Do\u011fu Avrupa&#8217;daki motosiklet sahnesi, <strong>Jawa ve \u010cZ gibi<\/strong> sadece g\u00fcnl\u00fck motosikletler de\u011fil ayn\u0131 zamanda pist yar\u0131\u015flar\u0131na y\u00f6nelik spor versiyonlar da \u00fcreten tarihi <strong>markalar\u0131n varl\u0131\u011f\u0131na<\/strong> tan\u0131k oldu. Planl\u0131 bir ekonomi ba\u011flam\u0131nda do\u011fan bu \u015firketler, <strong>yar\u0131\u015fmalarda g\u00f6sterdikleri performans sayesinde uluslararas\u0131 bir \u00fcne kavu\u015fmay\u0131 ba\u015fard\u0131lar<\/strong>.<\/p>\n<p>Macaristan&#8217;da, \u00c7ek Cumhuriyeti&#8217;nde oldu\u011fu gibi b\u00fcy\u00fck yerli markalar olmamas\u0131na ra\u011fmen, pist yar\u0131\u015flar\u0131na yerel kat\u0131l\u0131m her zaman \u00f6nemli bir rol oynam\u0131\u015ft\u0131r. Hungaroring gibi altyap\u0131larla desteklenen Macar tak\u0131mlar\u0131 ve s\u00fcr\u00fcc\u00fcleri uluslararas\u0131 d\u00fczeyde yar\u0131\u015farak rekabet\u00e7i bir k\u00fclt\u00fcre ve motor sporlar\u0131na y\u00f6nelik derin bir sevgiye katk\u0131da bulunmu\u015flard\u0131r.<\/p>\n<h2><strong>Do\u011fu Avrupa&#8217;da iki tekerlekli ara\u00e7lara artan ilgi<\/strong><\/h2>\n<p>\u0130statistikler, Macaristan ve \u00c7ek Cumhuriyeti&#8217;nde sat\u0131lan motosiklet say\u0131s\u0131n\u0131n istikrarl\u0131 bir \u015fekilde artmas\u0131yla bu b\u00f6lgede motosiklet sekt\u00f6r\u00fcn\u00fcn \u00f6nemli \u00f6l\u00e7\u00fcde b\u00fcy\u00fcd\u00fc\u011f\u00fcn\u00fc g\u00f6stermektedir.<br \/>\nDo\u011fu Avrupa, k\u0131smen gen\u00e7 n\u00fcfus, motor sporlar\u0131na y\u00f6nelik artan tutku ve artan harcama g\u00fcc\u00fc sayesinde sekt\u00f6r i\u00e7in dinamik bir merkez olarak ortaya \u00e7\u0131k\u0131yor.<\/p>\n<h2><strong>\u00c7ek Cumhuriyeti<\/strong><\/h2>\n<p>\u00c7ek Cumhuriyeti motor sporlar\u0131nda zengin bir ge\u00e7mi\u015fe sahiptir. \u00c7ek Cumhuriyeti&#8217;nin \u00fcnl\u00fc motosiklet Grand Prix&#8217;si (1993&#8217;ten \u00f6nce \u00c7ekoslovak Motosiklet Grand Prix&#8217;si olarak bilinir) 1965&#8217;ten beri motosiklet Grand Prix sezonunun bir par\u00e7as\u0131d\u0131r.<br \/>\n<strong>Asl\u0131nda Brno, TT Circuit Assen&#8217;den bu yana spor tarihindeki en \u00e7ok D\u00fcnya \u015eampiyonas\u0131 yar\u0131\u015f\u0131na ev sahipli\u011fi yapt\u0131<\/strong>. Yar\u0131\u015f, Pandemi&#8217;nin \u015fiddetlendirdi\u011fi ekonomik zorluklar nedeniyle 2021&#8217;den beri \u015fampiyonada yer alm\u0131yor, bu nedenle bu, takvimde bir ba\u015flang\u0131\u00e7tan ziyade bir geri d\u00f6n\u00fc\u015f.<\/p>\n<p>\u00dclke tarihsel olarak<strong> \u010cZ<\/strong> ve<strong> Jawa<\/strong> gibi yerel markalar\u0131n kat\u0131ld\u0131\u011f\u0131 \u00e7ok say\u0131da yar\u0131\u015fmaya ev sahipli\u011fi yapm\u0131\u015ft\u0131r. 1920&#8217;lerde ve 1930&#8217;larda kurulan bu \u015firketler, sadece \u00fcretim a\u00e7\u0131s\u0131ndan de\u011fil, ayn\u0131 zamanda pist yar\u0131\u015flar\u0131ndaki kahramanlar olarak da iki tekerlekli k\u00fclt\u00fcr\u00fcn Do\u011fu Avrupa&#8217;da yay\u0131lmas\u0131na yard\u0131mc\u0131 olmu\u015ftur. Bu \u015firketlerin miras\u0131 bug\u00fcn yar\u0131\u015f tutkusuna ve yerel merakl\u0131lar\u0131n aktif kat\u0131l\u0131m\u0131na yans\u0131maktad\u0131r.<\/p>\n<h2><strong>Macaristan&#8217;da Motor Sporlar\u0131n\u0131n Tarihi<\/strong><\/h2>\n<p>Macaristan ayr\u0131ca 1986&#8217;dan beri bir F1 Grand Prix&#8217;sine ev sahipli\u011fi yapmak da dahil olmak \u00fczere motorlar konusunda \u00f6nemli bir gelene\u011fe ve g\u00fc\u00e7l\u00fc bir tutkuya sahiptir.<br \/>\nMacaristan, \u00c7ek Cumhuriyeti kadar d\u00fcnyaca \u00fcnl\u00fc motosiklet markalar\u0131 \u00fcretmemi\u015f olsa da, \u00fclke yar\u0131\u015flara her zaman g\u00fc\u00e7l\u00fc bir ilgi g\u00f6stermi\u015ftir.<br \/>\n<strong>MotoGP&#8217;nin Balaton Park pistindeki<\/strong> ilk g\u00f6sterimi, bu \u00fclkenin motor sporlar\u0131yla olan ba\u011f\u0131n\u0131 daha da g\u00fc\u00e7lendiriyor<\/p>\n<h2><strong>Gelecek Perspektifleri<\/strong><\/h2>\n<p>Do\u011fu Avrupa&#8217;da motosiklete olan ilgi, ekonomik b\u00fcy\u00fcme, sekt\u00f6re yap\u0131lan yat\u0131r\u0131mlar ve motor sporlar\u0131nda derin bir k\u00fclt\u00fcrel gelene\u011fin bir araya gelmesiyle y\u00fcksek kalmaya devam edecektir.<br \/>\n\u00c7ek Cumhuriyeti ve Macaristan, tarihleri ve altyap\u0131lar\u0131yla motosiklet k\u00fclt\u00fcr\u00fcn\u00fcn yay\u0131lmas\u0131nda kilit rol oynamaktad\u0131r ve bu b\u00f6lge motosiklet pazar\u0131n\u0131n merkezi olmaya devam etmelidir.<\/p>\n<h2><strong>Yat\u0131r\u0131m ve Sponsorluk:<\/strong><\/h2>\n<p>Do\u011fu Avrupa&#8217;daki geni\u015flemeye, bu b\u00f6lgelerde \u00f6nemli bir b\u00fcy\u00fcme potansiyeli g\u00f6ren <a href=\"https:\/\/rtrsports.com\/tr\/sponsorluklar-motogp\/\">uluslararas\u0131 sponsorlar\u0131n<\/a> yo\u011fun ilgisi de e\u015flik etmektedir.<br \/>\n\u0130\u015fletmeciler, spor gelene\u011finin yeni i\u015f f\u0131rsatlar\u0131yla birle\u015fti\u011fi \u00e7alkant\u0131l\u0131 bir pazarda bahis oynuyorlar.<\/p>\n<h2><strong>Devrim niteli\u011finde bir sezon<\/strong><\/h2>\n<p>MotoGP 2025 devrim niteli\u011finde bir sezon olaca\u011fa benziyor. <strong>Tayland&#8217;daki a\u00e7\u0131l\u0131\u015f<\/strong>, <strong>\u00c7ek Cumhuriyeti<\/strong> ve <strong>Macaristan&#8217;<\/strong> <strong>daki yar\u0131\u015flarla<\/strong> Do\u011fu Avrupa&#8217;ya do\u011fru geni\u015fleme ile birle\u015fti\u011finde <strong>, hem k\u00f6kl\u00fc geleneklere hem de yeni pazar f\u0131rsatlar\u0131na de\u011fer vererek gelece\u011fe bakan k\u00fcresel bir stratejiye tan\u0131k<\/strong>l\u0131k ediyor.<\/p>\n<p>Bu de\u011fi\u015fiklikler sadece spor takvimini zenginle\u015ftirmekle kalm\u0131yor, ayn\u0131 zamanda istikrarl\u0131 b\u00fcy\u00fcmeye ve giderek daha talepkar ve ba\u011flant\u0131l\u0131 bir izleyici kitlesine bahis oynamaya haz\u0131r olan yat\u0131r\u0131mc\u0131lar ve sponsorlar i\u00e7in de g\u00fc\u00e7l\u00fc bir sinyal te\u015fkil ediyor.<\/p>\n<p>Sonu\u00e7 olarak, MotoGP 2025 sadece bir yar\u0131\u015f sezonu de\u011fil; yenilik, gelenek ve ekonomik verilerin i\u00e7 i\u00e7e ge\u00e7erek ka\u00e7\u0131r\u0131lmayacak bir etkinlik yaratt\u0131\u011f\u0131, motor sporlar\u0131n\u0131n k\u00fcreselle\u015fmesinin bir manifestosudur.<\/p>\n<p>&nbsp;<\/p>\n","protected":false},"excerpt":{"rendered":"<p>2025 MotoGP takvimi, yeni co\u011frafyalar\u0131 kucaklayan ve yerle\u015fik motor sporlar\u0131 geleneklerini geli\u015ftiren bir yakla\u015f\u0131mla yar\u0131\u015f d\u00fcnyas\u0131 i\u00e7in bir d\u00f6n\u00fcm noktas\u0131na i\u015faret ediyor. Bu Pazar Tayland&#8217;da ba\u015flayacak olan sezon, heyecan sunmaya ve sporun k\u00fcresel cazibesini daha da geni\u015fletmeye haz\u0131rlan\u0131yor. Do\u011fu Avrupa&#8217;daki iki yar\u0131\u015f\u0131n ( \u00c7ek Cumhuriyeti ve Macaristan) eklenmesiyle MotoGP, yar\u0131\u015f tutkusunun ve sporun miras\u0131n\u0131n k\u00f6kl\u00fc [&hellip;]<\/p>\n","protected":false},"author":14,"featured_media":276914,"comment_status":"open","ping_status":"open","sticky":false,"template":"","format":"standard","meta":{"_acf_changed":false,"footnotes":""},"categories":[20197],"tags":[],"class_list":["post-276923","post","type-post","status-publish","format-standard","has-post-thumbnail","hentry","category-uncategorized-tr"],"acf":[],"contentshake_article_id":"","yoast_head":"<!-- This site is optimized with the Yoast SEO Premium plugin v26.8 (Yoast SEO v27.4) - https:\/\/yoast.com\/product\/yoast-seo-premium-wordpress\/ -->\n<title>MotoGP 2025, takvim neden Do\u011fu&#039;ya bak\u0131yor? - RTR Sports<\/title>\n<meta name=\"description\" content=\"2025 y\u0131l\u0131nda MotoGP takvimi, \u00c7ek Cumhuriyeti&#039;nin d\u00f6n\u00fc\u015f\u00fc ve Macaristan&#039;\u0131n ilk kez kat\u0131l\u0131m\u0131 ile kesinlikle DO\u011eU g\u00f6r\u00fcn\u00fcyor.\" \/>\n<meta name=\"robots\" content=\"index, follow, max-snippet:-1, max-image-preview:large, max-video-preview:-1\" \/>\n<link rel=\"canonical\" href=\"https:\/\/rtrsports.com\/tr\/blog\/motogp-2025-takvim-neden-doguya-bakiyor\/\" \/>\n<meta property=\"og:locale\" content=\"tr_TR\" \/>\n<meta property=\"og:type\" content=\"article\" \/>\n<meta property=\"og:title\" content=\"MotoGP 2025, takvim neden Do\u011fu&#039;ya bak\u0131yor?\" \/>\n<meta property=\"og:description\" content=\"2025 y\u0131l\u0131nda MotoGP takvimi, \u00c7ek Cumhuriyeti&#039;nin d\u00f6n\u00fc\u015f\u00fc ve Macaristan&#039;\u0131n ilk kez kat\u0131l\u0131m\u0131 ile kesinlikle DO\u011eU g\u00f6r\u00fcn\u00fcyor.\" \/>\n<meta property=\"og:url\" content=\"https:\/\/rtrsports.com\/tr\/blog\/motogp-2025-takvim-neden-doguya-bakiyor\/\" \/>\n<meta property=\"og:site_name\" content=\"RTR Sports\" \/>\n<meta property=\"article:publisher\" content=\"https:\/\/www.facebook.com\/RTRSportsMarketing\/\" \/>\n<meta property=\"og:image\" content=\"https:\/\/rtrsports.com\/wp-content\/uploads\/2025\/02\/MT31553-scaled.jpg\" \/>\n\t<meta property=\"og:image:width\" content=\"2560\" \/>\n\t<meta property=\"og:image:height\" content=\"1706\" \/>\n\t<meta property=\"og:image:type\" content=\"image\/jpeg\" \/>\n<meta name=\"author\" content=\"Riccardo Taf\u00e0\" \/>\n<meta name=\"twitter:card\" content=\"summary_large_image\" \/>\n<meta name=\"twitter:creator\" content=\"@rtrsports\" \/>\n<meta name=\"twitter:site\" content=\"@rtrsports\" \/>\n<meta name=\"twitter:label1\" content=\"Yazan:\" \/>\n\t<meta name=\"twitter:data1\" content=\"Riccardo Taf\u00e0\" \/>\n\t<meta name=\"twitter:label2\" content=\"Tahmini okuma s\u00fcresi\" \/>\n\t<meta name=\"twitter:data2\" content=\"5 dakika\" \/>\n<script type=\"application\/ld+json\" class=\"yoast-schema-graph\">{\"@context\":\"https:\\\/\\\/schema.org\",\"@graph\":[{\"@type\":\"Article\",\"@id\":\"https:\\\/\\\/rtrsports.com\\\/tr\\\/blog\\\/motogp-2025-takvim-neden-doguya-bakiyor\\\/#article\",\"isPartOf\":{\"@id\":\"https:\\\/\\\/rtrsports.com\\\/tr\\\/blog\\\/motogp-2025-takvim-neden-doguya-bakiyor\\\/\"},\"author\":{\"name\":\"Riccardo Taf\u00e0\",\"@id\":\"https:\\\/\\\/rtrsports.com\\\/tr\\\/#\\\/schema\\\/person\\\/7ca2648b3d857cbfff8c499aaed0420e\"},\"headline\":\"MotoGP 2025, takvim neden Do\u011fu&#8217;ya bak\u0131yor?\",\"datePublished\":\"2025-02-27T09:35:50+00:00\",\"dateModified\":\"2025-04-20T16:22:59+00:00\",\"mainEntityOfPage\":{\"@id\":\"https:\\\/\\\/rtrsports.com\\\/tr\\\/blog\\\/motogp-2025-takvim-neden-doguya-bakiyor\\\/\"},\"wordCount\":1220,\"commentCount\":0,\"publisher\":{\"@id\":\"https:\\\/\\\/rtrsports.com\\\/tr\\\/#organization\"},\"image\":{\"@id\":\"https:\\\/\\\/rtrsports.com\\\/tr\\\/blog\\\/motogp-2025-takvim-neden-doguya-bakiyor\\\/#primaryimage\"},\"thumbnailUrl\":\"https:\\\/\\\/rtrsports.com\\\/wp-content\\\/uploads\\\/2025\\\/02\\\/MT31553-scaled.jpg\",\"articleSection\":[\"Uncategorized @tr\"],\"inLanguage\":\"tr\",\"potentialAction\":[{\"@type\":\"CommentAction\",\"name\":\"Comment\",\"target\":[\"https:\\\/\\\/rtrsports.com\\\/tr\\\/blog\\\/motogp-2025-takvim-neden-doguya-bakiyor\\\/#respond\"]}]},{\"@type\":\"WebPage\",\"@id\":\"https:\\\/\\\/rtrsports.com\\\/tr\\\/blog\\\/motogp-2025-takvim-neden-doguya-bakiyor\\\/\",\"url\":\"https:\\\/\\\/rtrsports.com\\\/tr\\\/blog\\\/motogp-2025-takvim-neden-doguya-bakiyor\\\/\",\"name\":\"MotoGP 2025, takvim neden Do\u011fu'ya bak\u0131yor? - RTR Sports\",\"isPartOf\":{\"@id\":\"https:\\\/\\\/rtrsports.com\\\/tr\\\/#website\"},\"primaryImageOfPage\":{\"@id\":\"https:\\\/\\\/rtrsports.com\\\/tr\\\/blog\\\/motogp-2025-takvim-neden-doguya-bakiyor\\\/#primaryimage\"},\"image\":{\"@id\":\"https:\\\/\\\/rtrsports.com\\\/tr\\\/blog\\\/motogp-2025-takvim-neden-doguya-bakiyor\\\/#primaryimage\"},\"thumbnailUrl\":\"https:\\\/\\\/rtrsports.com\\\/wp-content\\\/uploads\\\/2025\\\/02\\\/MT31553-scaled.jpg\",\"datePublished\":\"2025-02-27T09:35:50+00:00\",\"dateModified\":\"2025-04-20T16:22:59+00:00\",\"description\":\"2025 y\u0131l\u0131nda MotoGP takvimi, \u00c7ek Cumhuriyeti'nin d\u00f6n\u00fc\u015f\u00fc ve Macaristan'\u0131n ilk kez kat\u0131l\u0131m\u0131 ile kesinlikle DO\u011eU g\u00f6r\u00fcn\u00fcyor.\",\"breadcrumb\":{\"@id\":\"https:\\\/\\\/rtrsports.com\\\/tr\\\/blog\\\/motogp-2025-takvim-neden-doguya-bakiyor\\\/#breadcrumb\"},\"inLanguage\":\"tr\",\"potentialAction\":[{\"@type\":\"ReadAction\",\"target\":[\"https:\\\/\\\/rtrsports.com\\\/tr\\\/blog\\\/motogp-2025-takvim-neden-doguya-bakiyor\\\/\"]}]},{\"@type\":\"ImageObject\",\"inLanguage\":\"tr\",\"@id\":\"https:\\\/\\\/rtrsports.com\\\/tr\\\/blog\\\/motogp-2025-takvim-neden-doguya-bakiyor\\\/#primaryimage\",\"url\":\"https:\\\/\\\/rtrsports.com\\\/wp-content\\\/uploads\\\/2025\\\/02\\\/MT31553-scaled.jpg\",\"contentUrl\":\"https:\\\/\\\/rtrsports.com\\\/wp-content\\\/uploads\\\/2025\\\/02\\\/MT31553-scaled.jpg\",\"width\":2560,\"height\":1706,\"caption\":\"D\u00fcnya Motosiklet \u015eampiyonas\u0131 2024 Sezonunda Chang Circuit, Buriram (Tayland) 18 Buriram GP yar\u0131\u015f\u0131 \u00a9 2024 mirco lazzari mircolazzari@yahoo.it\"},{\"@type\":\"BreadcrumbList\",\"@id\":\"https:\\\/\\\/rtrsports.com\\\/tr\\\/blog\\\/motogp-2025-takvim-neden-doguya-bakiyor\\\/#breadcrumb\",\"itemListElement\":[{\"@type\":\"ListItem\",\"position\":1,\"name\":\"Home\",\"item\":\"https:\\\/\\\/rtrsports.com\\\/tr\\\/\"},{\"@type\":\"ListItem\",\"position\":2,\"name\":\"MotoGP 2025, takvim neden Do\u011fu&#8217;ya bak\u0131yor?\"}]},{\"@type\":\"WebSite\",\"@id\":\"https:\\\/\\\/rtrsports.com\\\/tr\\\/#website\",\"url\":\"https:\\\/\\\/rtrsports.com\\\/tr\\\/\",\"name\":\"RTR Sports Marketing\",\"description\":\"RTR Sports Marketing is a global motorsport sponsorship agency and consultancy, specialized in Formula 1 and MotoGP, and active across all major international racing series including Formula E, NASCAR, WEC, WRC and Dakar, helping brands build data-driven, high-performance sponsorship programs.\",\"publisher\":{\"@id\":\"https:\\\/\\\/rtrsports.com\\\/tr\\\/#organization\"},\"alternateName\":\"RTR Sports\",\"potentialAction\":[{\"@type\":\"SearchAction\",\"target\":{\"@type\":\"EntryPoint\",\"urlTemplate\":\"https:\\\/\\\/rtrsports.com\\\/tr\\\/?s={search_term_string}\"},\"query-input\":{\"@type\":\"PropertyValueSpecification\",\"valueRequired\":true,\"valueName\":\"search_term_string\"}}],\"inLanguage\":\"tr\"},{\"@type\":\"Organization\",\"@id\":\"https:\\\/\\\/rtrsports.com\\\/tr\\\/#organization\",\"name\":\"RTR Sports Marketing\",\"alternateName\":\"RTR sports\",\"url\":\"https:\\\/\\\/rtrsports.com\\\/tr\\\/\",\"logo\":{\"@type\":\"ImageObject\",\"inLanguage\":\"tr\",\"@id\":\"https:\\\/\\\/rtrsports.com\\\/tr\\\/#\\\/schema\\\/logo\\\/image\\\/\",\"url\":\"https:\\\/\\\/rtrsports.com\\\/wp-content\\\/uploads\\\/2024\\\/01\\\/rtrsports-anniversary-1.jpg\",\"contentUrl\":\"https:\\\/\\\/rtrsports.com\\\/wp-content\\\/uploads\\\/2024\\\/01\\\/rtrsports-anniversary-1.jpg\",\"width\":946,\"height\":260,\"caption\":\"RTR Sports Marketing\"},\"image\":{\"@id\":\"https:\\\/\\\/rtrsports.com\\\/tr\\\/#\\\/schema\\\/logo\\\/image\\\/\"},\"sameAs\":[\"https:\\\/\\\/www.facebook.com\\\/RTRSportsMarketing\\\/\",\"https:\\\/\\\/x.com\\\/rtrsports\",\"https:\\\/\\\/www.linkedin.com\\\/company\\\/rtr-sports-marketing\\\/\"],\"description\":\"RTR Sports Marketing is a global motorsport sponsorship agency and consultancy, specialized in Formula 1 and MotoGP, and active across all major international racing series including Formula E, NASCAR, WEC, WRC and Dakar, helping brands build data-driven, high-performance sponsorship programs.\",\"email\":\"info@rtrsports.com\",\"legalName\":\"RTR Sports Marketing LTD\",\"numberOfEmployees\":{\"@type\":\"QuantitativeValue\",\"minValue\":\"1\",\"maxValue\":\"10\"}},{\"@type\":\"Person\",\"@id\":\"https:\\\/\\\/rtrsports.com\\\/tr\\\/#\\\/schema\\\/person\\\/7ca2648b3d857cbfff8c499aaed0420e\",\"name\":\"Riccardo Taf\u00e0\",\"image\":{\"@type\":\"ImageObject\",\"inLanguage\":\"tr\",\"@id\":\"https:\\\/\\\/secure.gravatar.com\\\/avatar\\\/0e03f35d1883656b70508e45dddcbdf581004a3a428fe432d9559b9bbffe803c?s=96&d=mm&r=g\",\"url\":\"https:\\\/\\\/secure.gravatar.com\\\/avatar\\\/0e03f35d1883656b70508e45dddcbdf581004a3a428fe432d9559b9bbffe803c?s=96&d=mm&r=g\",\"contentUrl\":\"https:\\\/\\\/secure.gravatar.com\\\/avatar\\\/0e03f35d1883656b70508e45dddcbdf581004a3a428fe432d9559b9bbffe803c?s=96&d=mm&r=g\",\"caption\":\"Riccardo Taf\u00e0\"},\"description\":\"Managing Director for RTR Sports, Riccardo graduated in law at the University of Bologna. He began his career in London in PR, then started working in two and four-wheelers. A brief move to Monaco followed before returning to Italy. There he founded RTR, first a consulting firm and then a sports marketing company which, eventually, he moved back to London.\",\"sameAs\":[\"https:\\\/\\\/stg-rtrsportscom-rtrstaging.kinsta.cloud\"],\"url\":\"https:\\\/\\\/rtrsports.com\\\/tr\\\/author\\\/riccardo\\\/\"}]}<\/script>\n<!-- \/ Yoast SEO Premium plugin. -->","yoast_head_json":{"title":"MotoGP 2025, takvim neden Do\u011fu'ya bak\u0131yor? - RTR Sports","description":"2025 y\u0131l\u0131nda MotoGP takvimi, \u00c7ek Cumhuriyeti'nin d\u00f6n\u00fc\u015f\u00fc ve Macaristan'\u0131n ilk kez kat\u0131l\u0131m\u0131 ile kesinlikle DO\u011eU g\u00f6r\u00fcn\u00fcyor.","robots":{"index":"index","follow":"follow","max-snippet":"max-snippet:-1","max-image-preview":"max-image-preview:large","max-video-preview":"max-video-preview:-1"},"canonical":"https:\/\/rtrsports.com\/tr\/blog\/motogp-2025-takvim-neden-doguya-bakiyor\/","og_locale":"tr_TR","og_type":"article","og_title":"MotoGP 2025, takvim neden Do\u011fu'ya bak\u0131yor?","og_description":"2025 y\u0131l\u0131nda MotoGP takvimi, \u00c7ek Cumhuriyeti'nin d\u00f6n\u00fc\u015f\u00fc ve Macaristan'\u0131n ilk kez kat\u0131l\u0131m\u0131 ile kesinlikle DO\u011eU g\u00f6r\u00fcn\u00fcyor.","og_url":"https:\/\/rtrsports.com\/tr\/blog\/motogp-2025-takvim-neden-doguya-bakiyor\/","og_site_name":"RTR Sports","article_publisher":"https:\/\/www.facebook.com\/RTRSportsMarketing\/","og_image":[{"width":2560,"height":1706,"url":"https:\/\/rtrsports.com\/wp-content\/uploads\/2025\/02\/MT31553-scaled.jpg","type":"image\/jpeg"}],"author":"Riccardo Taf\u00e0","twitter_card":"summary_large_image","twitter_creator":"@rtrsports","twitter_site":"@rtrsports","twitter_misc":{"Yazan:":"Riccardo Taf\u00e0","Tahmini okuma s\u00fcresi":"5 dakika"},"schema":{"@context":"https:\/\/schema.org","@graph":[{"@type":"Article","@id":"https:\/\/rtrsports.com\/tr\/blog\/motogp-2025-takvim-neden-doguya-bakiyor\/#article","isPartOf":{"@id":"https:\/\/rtrsports.com\/tr\/blog\/motogp-2025-takvim-neden-doguya-bakiyor\/"},"author":{"name":"Riccardo Taf\u00e0","@id":"https:\/\/rtrsports.com\/tr\/#\/schema\/person\/7ca2648b3d857cbfff8c499aaed0420e"},"headline":"MotoGP 2025, takvim neden Do\u011fu&#8217;ya bak\u0131yor?","datePublished":"2025-02-27T09:35:50+00:00","dateModified":"2025-04-20T16:22:59+00:00","mainEntityOfPage":{"@id":"https:\/\/rtrsports.com\/tr\/blog\/motogp-2025-takvim-neden-doguya-bakiyor\/"},"wordCount":1220,"commentCount":0,"publisher":{"@id":"https:\/\/rtrsports.com\/tr\/#organization"},"image":{"@id":"https:\/\/rtrsports.com\/tr\/blog\/motogp-2025-takvim-neden-doguya-bakiyor\/#primaryimage"},"thumbnailUrl":"https:\/\/rtrsports.com\/wp-content\/uploads\/2025\/02\/MT31553-scaled.jpg","articleSection":["Uncategorized @tr"],"inLanguage":"tr","potentialAction":[{"@type":"CommentAction","name":"Comment","target":["https:\/\/rtrsports.com\/tr\/blog\/motogp-2025-takvim-neden-doguya-bakiyor\/#respond"]}]},{"@type":"WebPage","@id":"https:\/\/rtrsports.com\/tr\/blog\/motogp-2025-takvim-neden-doguya-bakiyor\/","url":"https:\/\/rtrsports.com\/tr\/blog\/motogp-2025-takvim-neden-doguya-bakiyor\/","name":"MotoGP 2025, takvim neden Do\u011fu'ya bak\u0131yor? - RTR Sports","isPartOf":{"@id":"https:\/\/rtrsports.com\/tr\/#website"},"primaryImageOfPage":{"@id":"https:\/\/rtrsports.com\/tr\/blog\/motogp-2025-takvim-neden-doguya-bakiyor\/#primaryimage"},"image":{"@id":"https:\/\/rtrsports.com\/tr\/blog\/motogp-2025-takvim-neden-doguya-bakiyor\/#primaryimage"},"thumbnailUrl":"https:\/\/rtrsports.com\/wp-content\/uploads\/2025\/02\/MT31553-scaled.jpg","datePublished":"2025-02-27T09:35:50+00:00","dateModified":"2025-04-20T16:22:59+00:00","description":"2025 y\u0131l\u0131nda MotoGP takvimi, \u00c7ek Cumhuriyeti'nin d\u00f6n\u00fc\u015f\u00fc ve Macaristan'\u0131n ilk kez kat\u0131l\u0131m\u0131 ile kesinlikle DO\u011eU g\u00f6r\u00fcn\u00fcyor.","breadcrumb":{"@id":"https:\/\/rtrsports.com\/tr\/blog\/motogp-2025-takvim-neden-doguya-bakiyor\/#breadcrumb"},"inLanguage":"tr","potentialAction":[{"@type":"ReadAction","target":["https:\/\/rtrsports.com\/tr\/blog\/motogp-2025-takvim-neden-doguya-bakiyor\/"]}]},{"@type":"ImageObject","inLanguage":"tr","@id":"https:\/\/rtrsports.com\/tr\/blog\/motogp-2025-takvim-neden-doguya-bakiyor\/#primaryimage","url":"https:\/\/rtrsports.com\/wp-content\/uploads\/2025\/02\/MT31553-scaled.jpg","contentUrl":"https:\/\/rtrsports.com\/wp-content\/uploads\/2025\/02\/MT31553-scaled.jpg","width":2560,"height":1706,"caption":"D\u00fcnya Motosiklet \u015eampiyonas\u0131 2024 Sezonunda Chang Circuit, Buriram (Tayland) 18 Buriram GP yar\u0131\u015f\u0131 \u00a9 2024 mirco lazzari mircolazzari@yahoo.it"},{"@type":"BreadcrumbList","@id":"https:\/\/rtrsports.com\/tr\/blog\/motogp-2025-takvim-neden-doguya-bakiyor\/#breadcrumb","itemListElement":[{"@type":"ListItem","position":1,"name":"Home","item":"https:\/\/rtrsports.com\/tr\/"},{"@type":"ListItem","position":2,"name":"MotoGP 2025, takvim neden Do\u011fu&#8217;ya bak\u0131yor?"}]},{"@type":"WebSite","@id":"https:\/\/rtrsports.com\/tr\/#website","url":"https:\/\/rtrsports.com\/tr\/","name":"RTR Sports Marketing","description":"RTR Sports Marketing is a global motorsport sponsorship agency and consultancy, specialized in Formula 1 and MotoGP, and active across all major international racing series including Formula E, NASCAR, WEC, WRC and Dakar, helping brands build data-driven, high-performance sponsorship programs.","publisher":{"@id":"https:\/\/rtrsports.com\/tr\/#organization"},"alternateName":"RTR Sports","potentialAction":[{"@type":"SearchAction","target":{"@type":"EntryPoint","urlTemplate":"https:\/\/rtrsports.com\/tr\/?s={search_term_string}"},"query-input":{"@type":"PropertyValueSpecification","valueRequired":true,"valueName":"search_term_string"}}],"inLanguage":"tr"},{"@type":"Organization","@id":"https:\/\/rtrsports.com\/tr\/#organization","name":"RTR Sports Marketing","alternateName":"RTR sports","url":"https:\/\/rtrsports.com\/tr\/","logo":{"@type":"ImageObject","inLanguage":"tr","@id":"https:\/\/rtrsports.com\/tr\/#\/schema\/logo\/image\/","url":"https:\/\/rtrsports.com\/wp-content\/uploads\/2024\/01\/rtrsports-anniversary-1.jpg","contentUrl":"https:\/\/rtrsports.com\/wp-content\/uploads\/2024\/01\/rtrsports-anniversary-1.jpg","width":946,"height":260,"caption":"RTR Sports Marketing"},"image":{"@id":"https:\/\/rtrsports.com\/tr\/#\/schema\/logo\/image\/"},"sameAs":["https:\/\/www.facebook.com\/RTRSportsMarketing\/","https:\/\/x.com\/rtrsports","https:\/\/www.linkedin.com\/company\/rtr-sports-marketing\/"],"description":"RTR Sports Marketing is a global motorsport sponsorship agency and consultancy, specialized in Formula 1 and MotoGP, and active across all major international racing series including Formula E, NASCAR, WEC, WRC and Dakar, helping brands build data-driven, high-performance sponsorship programs.","email":"info@rtrsports.com","legalName":"RTR Sports Marketing LTD","numberOfEmployees":{"@type":"QuantitativeValue","minValue":"1","maxValue":"10"}},{"@type":"Person","@id":"https:\/\/rtrsports.com\/tr\/#\/schema\/person\/7ca2648b3d857cbfff8c499aaed0420e","name":"Riccardo Taf\u00e0","image":{"@type":"ImageObject","inLanguage":"tr","@id":"https:\/\/secure.gravatar.com\/avatar\/0e03f35d1883656b70508e45dddcbdf581004a3a428fe432d9559b9bbffe803c?s=96&d=mm&r=g","url":"https:\/\/secure.gravatar.com\/avatar\/0e03f35d1883656b70508e45dddcbdf581004a3a428fe432d9559b9bbffe803c?s=96&d=mm&r=g","contentUrl":"https:\/\/secure.gravatar.com\/avatar\/0e03f35d1883656b70508e45dddcbdf581004a3a428fe432d9559b9bbffe803c?s=96&d=mm&r=g","caption":"Riccardo Taf\u00e0"},"description":"Managing Director for RTR Sports, Riccardo graduated in law at the University of Bologna. He began his career in London in PR, then started working in two and four-wheelers. A brief move to Monaco followed before returning to Italy. There he founded RTR, first a consulting firm and then a sports marketing company which, eventually, he moved back to London.","sameAs":["https:\/\/stg-rtrsportscom-rtrstaging.kinsta.cloud"],"url":"https:\/\/rtrsports.com\/tr\/author\/riccardo\/"}]}},"_links":{"self":[{"href":"https:\/\/rtrsports.com\/tr\/wp-json\/wp\/v2\/posts\/276923","targetHints":{"allow":["GET"]}}],"collection":[{"href":"https:\/\/rtrsports.com\/tr\/wp-json\/wp\/v2\/posts"}],"about":[{"href":"https:\/\/rtrsports.com\/tr\/wp-json\/wp\/v2\/types\/post"}],"author":[{"embeddable":true,"href":"https:\/\/rtrsports.com\/tr\/wp-json\/wp\/v2\/users\/14"}],"replies":[{"embeddable":true,"href":"https:\/\/rtrsports.com\/tr\/wp-json\/wp\/v2\/comments?post=276923"}],"version-history":[{"count":2,"href":"https:\/\/rtrsports.com\/tr\/wp-json\/wp\/v2\/posts\/276923\/revisions"}],"predecessor-version":[{"id":281551,"href":"https:\/\/rtrsports.com\/tr\/wp-json\/wp\/v2\/posts\/276923\/revisions\/281551"}],"wp:featuredmedia":[{"embeddable":true,"href":"https:\/\/rtrsports.com\/tr\/wp-json\/wp\/v2\/media\/276914"}],"wp:attachment":[{"href":"https:\/\/rtrsports.com\/tr\/wp-json\/wp\/v2\/media?parent=276923"}],"wp:term":[{"taxonomy":"category","embeddable":true,"href":"https:\/\/rtrsports.com\/tr\/wp-json\/wp\/v2\/categories?post=276923"},{"taxonomy":"post_tag","embeddable":true,"href":"https:\/\/rtrsports.com\/tr\/wp-json\/wp\/v2\/tags?post=276923"}],"curies":[{"name":"wp","href":"https:\/\/api.w.org\/{rel}","templated":true}]}}